{"id":7434,"date":"2024-05-10T14:57:23","date_gmt":"2024-05-10T12:57:23","guid":{"rendered":"https:\/\/pasaenmendoza.com\/?p=7434"},"modified":"2024-05-10T14:57:24","modified_gmt":"2024-05-10T12:57:24","slug":"datos-ocultos-de-la-pelea-por-el-sello-que-quiere-milei-en-mendoza","status":"publish","type":"post","link":"https:\/\/pasaenmendoza.com\/?p=7434","title":{"rendered":"Datos ocultos de la pelea por el sello que quiere Milei en Mendoza"},"content":{"rendered":"\n<p>La cinchada por el sello\u00a0<strong>La Libertad Avanza\u00a0<\/strong>(LLA) en Mendoza, tal como estaba previsto, tuvo su primer cap\u00edtulo &#8220;presencial&#8221; entre quienes pretenden quedarse con la denominaci\u00f3n con la cual\u00a0<strong>Javier Gerardo Milei<\/strong>\u00a0lleg\u00f3 a ganar las elecciones presidenciales el domingo 19 de noviembre de 2023.<\/p>\n\n\n\n<p>Lo concreto es que se cumpli\u00f3 con la primera audiencia de oposici\u00f3n fijada por el juez con competencia electoral&nbsp;<strong>Oscar Quir\u00f3s<\/strong>. En este caso, por el proceso de admisi\u00f3n al expediente de la agrupaci\u00f3n representada por el abogado&nbsp;<strong>Alejandro Barraza,<\/strong>&nbsp;quien se present\u00f3 al mediod\u00eda de ayer en la sede la Secretar\u00eda Electoral ubicada en el edificio del Correo Argentino.&nbsp;&nbsp;<\/p>\n\n\n\n<p>Barraza lleg\u00f3 acompa\u00f1ado por el contador p\u00fablico Mat\u00edas Santaolaya, tambi\u00e9n apoderado de LLA &#8220;blue&#8221;, as\u00ed identificada period\u00edsticamente, para diferenciarla del otro expediente de LLA &#8220;oficial&#8221; que impulsa la diputada nacional por Mendoza\u00a0<strong>Lourdes Arrieta,<\/strong>\u00a0avalada por la secretaria de la Presidencia,\u00a0Karina Milei, hermana del jefe de Estado, y por los primos Menem, Mart\u00edn y Lule, colaboradores directos de la hermandad presidencial.<\/p>\n\n\n\n<p>Este reporte es para se\u00f1alar los&nbsp;<strong>aspectos desconocidos y contenidos en la documentaci\u00f3n<\/strong>&nbsp;que conforman los expedientes de ambas agrupaciones que se disputan el nombre electoral mile\u00edsta que, evidentemente, cotiza en alza en la medida que la figura del mandatario se mantiene con aval de la opini\u00f3n p\u00fablica.<\/p>\n\n\n\n<p>Y tal como acert\u00f3\u00a0Jos\u00e9 Caviglia, el presidente del Partido Libertario de Mendoza,\u00a0cuando afirm\u00f3 que &#8220;es marcada la necesidad (del gobierno nacional) de tener tropa propia de cara a las pr\u00f3ximas elecciones legislativas&#8221;. <\/p>\n\n\n\n<p>Esa es la base pol\u00edtica y estrat\u00e9gica del emprendimiento electoral de Karina M. La idea es potenciar el primigenio partido LLA de La Rioja para extenderlo como fuerza pol\u00edtica nacional y salir a disputar en los principales distritos la representaci\u00f3n en el Congreso.&nbsp;<\/p>\n\n\n\n<p>La idea impulsada por Karina y planteada por el mismo presidente, es lograr bancas parlamentarias que le permitan consolidar la gesti\u00f3n de su hermano, sancionando leyes con votos propios, una debilidad pol\u00edtica que el presidente padece y lo obliga a negociar con &#8220;la pol\u00edtica&#8221;, tal como denomina con tono peyorativo a la dirigencia partidaria el mismo JGM.<\/p>\n\n\n\n<p>Los datos registrados<\/p>\n\n\n\n<p><strong>\u2022&nbsp;<\/strong><strong>Milei es libertario con ficha. &#8220;<\/strong>Un dato objetivo, que probablemente desconocen: el ciudadano Javier Gerardo Milei, DNI 21.834.641, se encuentra afiliado al momento de esta presentaci\u00f3n al Partido Libertario en el Distrito Ciudad de Buenos Aires&#8221;, dice la presentaci\u00f3n de Barraza y Santaolaya.&nbsp;&nbsp;<\/p>\n\n\n\n<p><strong>\u2022\u00a0Primer oponente a Barraza.<\/strong>\u00a0De acuerdo con lo expuesto en la audiencia, se opone la diputada Arrieta quien junto a su hermano son representan el proyecto electoral LLA\u00a0<em>oficial.\u00a0<\/em>Arrieta\u00a0fue representada por Aldo Vinci, el abogado asesor de la legisladora en estos tr\u00e1mites.<\/p>\n\n\n\n<p><strong>\u2022&nbsp;<\/strong><strong>Error no forzado.<\/strong>&nbsp;Vinci dijo que los hermanos Arrieta no pudieron viajar desde CABA por estar trabajando en el Congreso con el tratamiento de la Ley Bases, seg\u00fan consta en el acta de la audiencia sin tener en cuenta que dicha normativa ahora est\u00e1 en el Senado de la Naci\u00f3n, siendo Arrieta diputada. &#8220;Ambos apoderados trabajan en la C\u00e1mara de Diputados de la Naci\u00f3n, uno como diputado y otro como jefe de despacho y desde el d\u00eda martes a jueves de cada semana es cuando se sesionan y trabajan las comisiones que hoy est\u00e1n avocadas casi exclusivamente al tratamiento de la Ley Bases que est\u00e1 en el Senado&#8221;, dice el texto judicial que registra los dichos de Vinci.<\/p>\n\n\n\n<p><strong>\u2022\u00a0Segundo oponente a Barraza.<\/strong>\u00a0Es el partido La Libertad Avanza de La Rioja\u00a0 que objeta la utilizaci\u00f3n de los logos y los colores identificatorios. Barraza se\u00f1ala que no es atendible este reclamo porque aquel partido riojano no podr\u00eda presentar candidaturas en Mendoza y viceversa.<\/p>\n\n\n\n<p><strong>\u2022&nbsp;<\/strong><strong>Tercera demandante.&nbsp;<\/strong>Se trata&nbsp; de Carina Mariel Ivascov, quien dice ser propietaria del dominio del nombre La Libertad Avanza, adem\u00e1s se presenta como presidenta y apoderada del apartido LLA, que tramita ante el Juzgado Federal de Paran\u00e1 de Entre R\u00edos. Ella aduce tener la propiedad de la marca libertaria inscripta en&nbsp; el Instituto Nacional de Propiedad Industrial (INPI). Es decir que de acuerdo a este planteo se le deber\u00eda pedir permiso o pagarle por el uso del nombre. Barraza rechaza esta objeci\u00f3n por estar probado que ese tr\u00e1mite no est\u00e1 finalizado y que los partidos y sus nomenclaturas no son &#8220;marcables&#8221; como un producto comercial.&nbsp;&nbsp;<\/p>\n\n\n\n<p>Pr\u00f3ximo escenario:&nbsp; viene Karina<\/p>\n\n\n\n<p>Es cierto que el gran desaf\u00edo electoral para Javier y Karina Milei es darle pelea al peronismo en la Provincia de Buenos Aires con su propio sello, pero no menos cierto es que necesitan &#8220;existir&#8221; con su partido en plazas electorales para tener la categor\u00eda de partido nacional y que a la vez son distritos muy simb\u00f3licos y que les son afines como lo es Mendoza. Por eso la pelea judicial con el sorprendente &#8220;doctor B&#8221; se torna importante, precisamente por el trasfondo pol\u00edtico.<\/p>\n\n\n\n<p>Por eso quienes monitorean desde el espectro pol\u00edtico este proceso judicial, que son personas de confianza del actual ministro de Defensa\u00a0Luis Petri,\u00a0dejaron trascender que la intenci\u00f3n es que\u00a0<strong>KM junto a Mart\u00edn Menem lleguen a Mendoza el martes 14<\/strong>\u00a0para participar de un encuentro con el &#8220;nuevo&#8221; diputado provincial de LLA, el\u00a0<em>petrilibertario<\/em>\u00a0Gustavo Cairo y luego asistir\u00e1n a la segunda audiencia que el juez Quir\u00f3s convoc\u00f3 esta vez para escuchar las oposiciones al pedido de Arrieta para quedarse con el t\u00edtulo de La Libertad Avanza a favor de la hermana presidencial.\u00a0<\/p>\n\n\n\n<p>FUENTE: Mendozapost.<\/p>\n","protected":false},"excerpt":{"rendered":"<p>La cinchada por el sello\u00a0La Libertad Avanza\u00a0(LLA) en Mendoza, tal como estaba previsto, tuvo su primer cap\u00edtulo &#8220;presencial&#8221; entre quienes pretenden quedarse con la denominaci\u00f3n con la cual\u00a0Javier Gerardo Milei\u00a0lleg\u00f3 a ganar las elecciones presidenciales el domingo 19 de noviembre de 2023. Lo concreto es que se cumpli\u00f3 con la primera audiencia de oposici\u00f3n fijada [&hellip;]<\/p>\n","protected":false},"author":2,"featured_media":7435,"comment_status":"open","ping_status":"open","sticky":true,"template":"","format":"standard","meta":[],"categories":[47],"tags":[],"_links":{"self":[{"href":"https:\/\/pasaenmendoza.com\/index.php?rest_route=\/wp\/v2\/posts\/7434"}],"collection":[{"href":"https:\/\/pasaenmendoza.com\/index.php?rest_route=\/wp\/v2\/posts"}],"about":[{"href":"https:\/\/pasaenmendoza.com\/index.php?rest_route=\/wp\/v2\/types\/post"}],"author":[{"embeddable":true,"href":"https:\/\/pasaenmendoza.com\/index.php?rest_route=\/wp\/v2\/users\/2"}],"replies":[{"embeddable":true,"href":"https:\/\/pasaenmendoza.com\/index.php?rest_route=%2Fwp%2Fv2%2Fcomments&post=7434"}],"version-history":[{"count":1,"href":"https:\/\/pasaenmendoza.com\/index.php?rest_route=\/wp\/v2\/posts\/7434\/revisions"}],"predecessor-version":[{"id":7436,"href":"https:\/\/pasaenmendoza.com\/index.php?rest_route=\/wp\/v2\/posts\/7434\/revisions\/7436"}],"wp:featuredmedia":[{"embeddable":true,"href":"https:\/\/pasaenmendoza.com\/index.php?rest_route=\/wp\/v2\/media\/7435"}],"wp:attachment":[{"href":"https:\/\/pasaenmendoza.com\/index.php?rest_route=%2Fwp%2Fv2%2Fmedia&parent=7434"}],"wp:term":[{"taxonomy":"category","embeddable":true,"href":"https:\/\/pasaenmendoza.com\/index.php?rest_route=%2Fwp%2Fv2%2Fcategories&post=7434"},{"taxonomy":"post_tag","embeddable":true,"href":"https:\/\/pasaenmendoza.com\/index.php?rest_route=%2Fwp%2Fv2%2Ftags&post=7434"}],"curies":[{"name":"wp","href":"https:\/\/api.w.org\/{rel}","templated":true}]}}