{"id":7437,"date":"2024-05-10T15:26:01","date_gmt":"2024-05-10T13:26:01","guid":{"rendered":"https:\/\/pasaenmendoza.com\/?p=7437"},"modified":"2024-05-10T15:26:03","modified_gmt":"2024-05-10T13:26:03","slug":"empleados-y-funcionarios-judiciales-decidieron-seguir-de-paro-una-semana-mas","status":"publish","type":"post","link":"https:\/\/pasaenmendoza.com\/?p=7437","title":{"rendered":"Empleados y funcionarios judiciales decidieron seguir de paro una semana m\u00e1s"},"content":{"rendered":"\n<p>Los funcionarios de las oficinas fiscales paran desde ma\u00f1ana\u00a0<strong>durante 9 d\u00edas seguidos<\/strong>. Sin soluci\u00f3n a la vista, intervino el\u00a0<strong>Colegio de Abogados<\/strong><\/p>\n\n\n\n<p>El conflicto salarial en el\u00a0<strong>Poder Judicial de Mendoza\u00a0<\/strong>parece no tener fin. Los gremios que nuclean a empleados y funcionarios decidieron\u00a0<strong>seguir de paro una semana m\u00e1s<\/strong>\u00a0y las actividades estar\u00e1n seriamente resentidas desde ma\u00f1ana y en particular\u00a0<strong>desde el lunes 13 hasta el viernes 17 de mayo<\/strong>.<\/p>\n\n\n\n<p>En&nbsp;<strong>todos los edificios del Poder Judicial<\/strong>, incluido el Ministerio P\u00fablico Fiscal -donde se tramitan las investigaciones- se renueva&nbsp;<strong>desde este viernes el estado de asamblea permanente.<\/strong><\/p>\n\n\n\n<p>Esta nueva etapa del conflicto entre los judiciales y el Gobierno de Mendoza cuenta, desde este jueves, con la intervenci\u00f3n del\u00a0<strong>Colegio de Abogados<\/strong>, que pidi\u00f3 a la Suprema Corte<strong>\u00a0una reuni\u00f3n urgente\u00a0<\/strong>para garantizar la atenci\u00f3n m\u00ednima a los abogados y que se declaren inh\u00e1biles, a los efectos procesales,\u00a0<strong>los d\u00edas 7, 8 y 9 de mayo<\/strong>, cuando tambi\u00e9n hubo medidas de fuerza.<\/p>\n\n\n\n<h2 class=\"wp-block-heading\">El demorado fallo de la Corte por la cl\u00e1usula C<\/h2>\n\n\n\n<p>La&nbsp;<strong>Asociaci\u00f3n de Funcionarios Judiciales<\/strong>&nbsp;que encabeza Marcelo Fekonja explic\u00f3 que todos los funcionarios de clases 1 a 7 adoptaron medidas de acci\u00f3n directa&nbsp;<strong>desde el lunes 13 a las 0 hasta las 23.59 del viernes 17<\/strong>.<\/p>\n\n\n\n<p>Por otra parte, los funcionarios de las oficinas fiscales&nbsp;<strong>har\u00e1n huelga durante 9 d\u00edas consecutivos: desde este s\u00e1bado hasta el domingo 19.<\/strong><\/p>\n\n\n\n<p>Desde el gremio reclamaron que la Suprema Corte de Justicia tiene pendiente de resoluci\u00f3n desde 2023 el expediente por la llamada&nbsp;<strong>cl\u00e1usula C<\/strong>, que establece el reenganche de los sueldos de ese sector a los que perciben los magistrados.<\/p>\n\n\n\n<p>Esta causa iba a ser resuelta a fines de 2023 y, de acuerdo a las versiones que circulan en el Poder Judicial,&nbsp;<strong>casi todos los supremos se han manifestado excepto algunos, cuya postura ser\u00eda definitoria.<\/strong><\/p>\n\n\n\n<p>Las \u00faltimas semanas han sido complejas en el edificio central de los Tribunales provinciales: asambleas adentro y afuera y&nbsp;<strong>m\u00e1s de una docena de polic\u00edas parapetados en el cuarto piso<\/strong>, donde est\u00e1n situados los despachos de los supremos.<\/p>\n\n\n\n<p>Semejante despliegue\u00a0<strong>ha ocasionado malestar<\/strong>\u00a0entre quienes circulan a diario por el cuarto piso, ya que lo consideran desmedido e inapropiado.<\/p>\n\n\n\n<p>FUENTE: Diariouno.com<\/p>\n","protected":false},"excerpt":{"rendered":"<p>Los funcionarios de las oficinas fiscales paran desde ma\u00f1ana\u00a0durante 9 d\u00edas seguidos. Sin soluci\u00f3n a la vista, intervino el\u00a0Colegio de Abogados El conflicto salarial en el\u00a0Poder Judicial de Mendoza\u00a0parece no tener fin. Los gremios que nuclean a empleados y funcionarios decidieron\u00a0seguir de paro una semana m\u00e1s\u00a0y las actividades estar\u00e1n seriamente resentidas desde ma\u00f1ana y en [&hellip;]<\/p>\n","protected":false},"author":2,"featured_media":7438,"comment_status":"open","ping_status":"open","sticky":true,"template":"","format":"standard","meta":[],"categories":[47],"tags":[],"_links":{"self":[{"href":"https:\/\/pasaenmendoza.com\/index.php?rest_route=\/wp\/v2\/posts\/7437"}],"collection":[{"href":"https:\/\/pasaenmendoza.com\/index.php?rest_route=\/wp\/v2\/posts"}],"about":[{"href":"https:\/\/pasaenmendoza.com\/index.php?rest_route=\/wp\/v2\/types\/post"}],"author":[{"embeddable":true,"href":"https:\/\/pasaenmendoza.com\/index.php?rest_route=\/wp\/v2\/users\/2"}],"replies":[{"embeddable":true,"href":"https:\/\/pasaenmendoza.com\/index.php?rest_route=%2Fwp%2Fv2%2Fcomments&post=7437"}],"version-history":[{"count":1,"href":"https:\/\/pasaenmendoza.com\/index.php?rest_route=\/wp\/v2\/posts\/7437\/revisions"}],"predecessor-version":[{"id":7439,"href":"https:\/\/pasaenmendoza.com\/index.php?rest_route=\/wp\/v2\/posts\/7437\/revisions\/7439"}],"wp:featuredmedia":[{"embeddable":true,"href":"https:\/\/pasaenmendoza.com\/index.php?rest_route=\/wp\/v2\/media\/7438"}],"wp:attachment":[{"href":"https:\/\/pasaenmendoza.com\/index.php?rest_route=%2Fwp%2Fv2%2Fmedia&parent=7437"}],"wp:term":[{"taxonomy":"category","embeddable":true,"href":"https:\/\/pasaenmendoza.com\/index.php?rest_route=%2Fwp%2Fv2%2Fcategories&post=7437"},{"taxonomy":"post_tag","embeddable":true,"href":"https:\/\/pasaenmendoza.com\/index.php?rest_route=%2Fwp%2Fv2%2Ftags&post=7437"}],"curies":[{"name":"wp","href":"https:\/\/api.w.org\/{rel}","templated":true}]}}