{"id":7440,"date":"2024-05-10T15:41:26","date_gmt":"2024-05-10T13:41:26","guid":{"rendered":"https:\/\/pasaenmendoza.com\/?p=7440"},"modified":"2024-05-10T15:41:27","modified_gmt":"2024-05-10T13:41:27","slug":"este-viernes-tendremos-una-tarde-calida-pero-se-vienen-dias-frios","status":"publish","type":"post","link":"https:\/\/pasaenmendoza.com\/?p=7440","title":{"rendered":"Este viernes tendremos una tarde c\u00e1lida pero se vienen d\u00edas fr\u00edos"},"content":{"rendered":"\n<p><strong>Este viernes tendremos una tarde c\u00e1lida pero se vienen varios d\u00edas de fr\u00edo.&nbsp;<\/strong><\/p>\n\n\n\n<p>Seg\u00fan el&nbsp;<strong>SMN<\/strong>, en el Gran Mendoza la m\u00e1xima llegar\u00e1 hoy a los<strong>&nbsp;16\u00b0&nbsp;<\/strong>y la humedad relativa del ambiente se mantiene alrededor del 60%.<\/p>\n\n\n\n<p>El cielo permanece con pocas nubes y sopla leve viento del este. Por la noche, el ingreso de viento del sureste producir\u00e1 un&nbsp;<strong>descenso de temperatura.<\/strong><\/p>\n\n\n\n<p>Para ma\u00f1ana s\u00e1bado el pron\u00f3stico indica que la m\u00e1xima estar\u00e1 en los\u00a0<strong>13\u00b0<\/strong>\u00a0y el cielo de algo a mayormente nublado. En tanto que, para el domingo, se espera una m\u00e1xima de<strong>\u00a010\u00b0 y lluvias aisladas<\/strong>.\u00a0<\/p>\n\n\n\n<p><strong>Fuente: www.mendozapost.com<\/strong><\/p>\n","protected":false},"excerpt":{"rendered":"<p>Este viernes tendremos una tarde c\u00e1lida pero se vienen varios d\u00edas de fr\u00edo.&nbsp; Seg\u00fan el&nbsp;SMN, en el Gran Mendoza la m\u00e1xima llegar\u00e1 hoy a los&nbsp;16\u00b0&nbsp;y la humedad relativa del ambiente se mantiene alrededor del 60%. El cielo permanece con pocas nubes y sopla leve viento del este. Por la noche, el ingreso de viento del [&hellip;]<\/p>\n","protected":false},"author":2,"featured_media":7441,"comment_status":"open","ping_status":"open","sticky":false,"template":"","format":"standard","meta":[],"categories":[52],"tags":[],"_links":{"self":[{"href":"https:\/\/pasaenmendoza.com\/index.php?rest_route=\/wp\/v2\/posts\/7440"}],"collection":[{"href":"https:\/\/pasaenmendoza.com\/index.php?rest_route=\/wp\/v2\/posts"}],"about":[{"href":"https:\/\/pasaenmendoza.com\/index.php?rest_route=\/wp\/v2\/types\/post"}],"author":[{"embeddable":true,"href":"https:\/\/pasaenmendoza.com\/index.php?rest_route=\/wp\/v2\/users\/2"}],"replies":[{"embeddable":true,"href":"https:\/\/pasaenmendoza.com\/index.php?rest_route=%2Fwp%2Fv2%2Fcomments&post=7440"}],"version-history":[{"count":1,"href":"https:\/\/pasaenmendoza.com\/index.php?rest_route=\/wp\/v2\/posts\/7440\/revisions"}],"predecessor-version":[{"id":7442,"href":"https:\/\/pasaenmendoza.com\/index.php?rest_route=\/wp\/v2\/posts\/7440\/revisions\/7442"}],"wp:featuredmedia":[{"embeddable":true,"href":"https:\/\/pasaenmendoza.com\/index.php?rest_route=\/wp\/v2\/media\/7441"}],"wp:attachment":[{"href":"https:\/\/pasaenmendoza.com\/index.php?rest_route=%2Fwp%2Fv2%2Fmedia&parent=7440"}],"wp:term":[{"taxonomy":"category","embeddable":true,"href":"https:\/\/pasaenmendoza.com\/index.php?rest_route=%2Fwp%2Fv2%2Fcategories&post=7440"},{"taxonomy":"post_tag","embeddable":true,"href":"https:\/\/pasaenmendoza.com\/index.php?rest_route=%2Fwp%2Fv2%2Ftags&post=7440"}],"curies":[{"name":"wp","href":"https:\/\/api.w.org\/{rel}","templated":true}]}}