{"id":7443,"date":"2024-05-10T15:45:42","date_gmt":"2024-05-10T13:45:42","guid":{"rendered":"https:\/\/pasaenmendoza.com\/?p=7443"},"modified":"2024-05-10T15:45:44","modified_gmt":"2024-05-10T13:45:44","slug":"atropello-a-un-joven-peaton-en-ciudad-y-se-fugo","status":"publish","type":"post","link":"https:\/\/pasaenmendoza.com\/?p=7443","title":{"rendered":"Atropell\u00f3 a un joven peat\u00f3n en Ciudad y se fug\u00f3"},"content":{"rendered":"\n<p>Durante la madrugada de este viernes,<strong>&nbsp;el conductor de un auto atropell\u00f3 a un joven peat\u00f3n en pleno centro mendocino y se dio a la fuga<\/strong>.&nbsp;<\/p>\n\n\n\n<p>El incidente ocurri\u00f3 en la intersecci\u00f3n de calles de\u00a0<strong>Guti\u00e9rrez y Patricias Mendocinas<\/strong>\u00a0de la\u00a0<strong>Ciudad de Mendoza.\u00a0\u00a0<\/strong>La v\u00edctima fue identificada como\u00a0<strong>Ariel Emiliano Duin<\/strong>, de 25 a\u00f1os.\u00a0 El incidente ocurri\u00f3 cerca de las 6 de la ma\u00f1ana.<\/p>\n\n\n\n<p>El joven peat\u00f3n tuvo que ser trasladado al\u00a0<strong>Hospital Central\u00a0<\/strong>para recibir atenci\u00f3n m\u00e9dica de urgencia, debido a una<strong>\u00a0fractura expuesta en el tobillo izquierdo.<\/strong><\/p>\n\n\n\n<p>El veh\u00edculo implicado en el incidente no detuvo su marcha tras el impacto, desatando la consternaci\u00f3n entre los presentes. Seg\u00fan testigos presenciales, el veh\u00edculo involucrado ser\u00eda un\u00a0<strong>Audi color blanco.\u00a0<\/strong><\/p>\n\n\n\n<p>Las autoridades, en tanto, se encuentran desplegando un operativo de b\u00fasqueda para dar con el conductor pr\u00f3fugo y esclarecer los hechos ocurridos.\u00a0<\/p>\n\n\n\n<p><strong>Fuente: www.mendozapost.com<\/strong><\/p>\n","protected":false},"excerpt":{"rendered":"<p>Durante la madrugada de este viernes,&nbsp;el conductor de un auto atropell\u00f3 a un joven peat\u00f3n en pleno centro mendocino y se dio a la fuga.&nbsp; El incidente ocurri\u00f3 en la intersecci\u00f3n de calles de\u00a0Guti\u00e9rrez y Patricias Mendocinas\u00a0de la\u00a0Ciudad de Mendoza.\u00a0\u00a0La v\u00edctima fue identificada como\u00a0Ariel Emiliano Duin, de 25 a\u00f1os.\u00a0 El incidente ocurri\u00f3 cerca de las [&hellip;]<\/p>\n","protected":false},"author":2,"featured_media":7445,"comment_status":"open","ping_status":"open","sticky":false,"template":"","format":"standard","meta":[],"categories":[48],"tags":[],"_links":{"self":[{"href":"https:\/\/pasaenmendoza.com\/index.php?rest_route=\/wp\/v2\/posts\/7443"}],"collection":[{"href":"https:\/\/pasaenmendoza.com\/index.php?rest_route=\/wp\/v2\/posts"}],"about":[{"href":"https:\/\/pasaenmendoza.com\/index.php?rest_route=\/wp\/v2\/types\/post"}],"author":[{"embeddable":true,"href":"https:\/\/pasaenmendoza.com\/index.php?rest_route=\/wp\/v2\/users\/2"}],"replies":[{"embeddable":true,"href":"https:\/\/pasaenmendoza.com\/index.php?rest_route=%2Fwp%2Fv2%2Fcomments&post=7443"}],"version-history":[{"count":1,"href":"https:\/\/pasaenmendoza.com\/index.php?rest_route=\/wp\/v2\/posts\/7443\/revisions"}],"predecessor-version":[{"id":7446,"href":"https:\/\/pasaenmendoza.com\/index.php?rest_route=\/wp\/v2\/posts\/7443\/revisions\/7446"}],"wp:featuredmedia":[{"embeddable":true,"href":"https:\/\/pasaenmendoza.com\/index.php?rest_route=\/wp\/v2\/media\/7445"}],"wp:attachment":[{"href":"https:\/\/pasaenmendoza.com\/index.php?rest_route=%2Fwp%2Fv2%2Fmedia&parent=7443"}],"wp:term":[{"taxonomy":"category","embeddable":true,"href":"https:\/\/pasaenmendoza.com\/index.php?rest_route=%2Fwp%2Fv2%2Fcategories&post=7443"},{"taxonomy":"post_tag","embeddable":true,"href":"https:\/\/pasaenmendoza.com\/index.php?rest_route=%2Fwp%2Fv2%2Ftags&post=7443"}],"curies":[{"name":"wp","href":"https:\/\/api.w.org\/{rel}","templated":true}]}}