{"id":746,"date":"2023-08-16T15:41:40","date_gmt":"2023-08-16T13:41:40","guid":{"rendered":"https:\/\/pasaenmendoza.com\/?p=746"},"modified":"2023-08-16T15:41:40","modified_gmt":"2023-08-16T13:41:40","slug":"cortaron-el-transito-en-ruta-7-por-la-caida-de-un-arbol","status":"publish","type":"post","link":"https:\/\/pasaenmendoza.com\/?p=746","title":{"rendered":"Cortaron el tr\u00e1nsito en ruta 7 por la ca\u00edda de un \u00e1rbol"},"content":{"rendered":"\n<p>El pron\u00f3stico para este mi\u00e9rcoles anuncia una jornada ventosa y la situaci\u00f3n se hizo presente en la\u00a0<strong>ruta 7<\/strong>, donde\u00a0<mark>a ra\u00edz de las r\u00e1fagas moderadas a fuertes<strong>\u00a0cay\u00f3 un \u00e1rbol<\/strong>\u00a0de grandes dimensiones, ocasionando el corte total del\u00a0<strong>tr\u00e1nsito<\/strong>,\u00a0<\/mark>a la altura de la secci\u00f3n vial de Gendarmer\u00eda Nacional (Potrerillos).<\/p>\n\n\n\n<p>De acuerdo con el reporte oficial, en el lugar\u00a0<mark>trabajaron personal policial y de Gendarmer\u00eda Nacional.<\/mark><\/p>\n\n\n\n<p>El impacto de la ca\u00edda arrastr\u00f3 el tendido el\u00e9ctrico, por lo que operarios de la empresa responsable del servicio en la localidad, tambi\u00e9n, se encuentran trabajando en la zona.<\/p>\n\n\n\n<p>Asimismo, una m\u00e1quina de Vialidad ser\u00e1 la responsable de retirar el ejemplar, para despejar as\u00ed la ruta.<\/p>\n\n\n\n<p><strong>Fuente: www.elsol.com.ar<\/strong><\/p>\n","protected":false},"excerpt":{"rendered":"<p>El pron\u00f3stico para este mi\u00e9rcoles anuncia una jornada ventosa y la situaci\u00f3n se hizo presente en la\u00a0ruta 7, donde\u00a0a ra\u00edz de las r\u00e1fagas moderadas a fuertes\u00a0cay\u00f3 un \u00e1rbol\u00a0de grandes dimensiones, ocasionando el corte total del\u00a0tr\u00e1nsito,\u00a0a la altura de la secci\u00f3n vial de Gendarmer\u00eda Nacional (Potrerillos). De acuerdo con el reporte oficial, en el lugar\u00a0trabajaron personal [&hellip;]<\/p>\n","protected":false},"author":2,"featured_media":747,"comment_status":"open","ping_status":"open","sticky":false,"template":"","format":"standard","meta":[],"categories":[48],"tags":[],"_links":{"self":[{"href":"https:\/\/pasaenmendoza.com\/index.php?rest_route=\/wp\/v2\/posts\/746"}],"collection":[{"href":"https:\/\/pasaenmendoza.com\/index.php?rest_route=\/wp\/v2\/posts"}],"about":[{"href":"https:\/\/pasaenmendoza.com\/index.php?rest_route=\/wp\/v2\/types\/post"}],"author":[{"embeddable":true,"href":"https:\/\/pasaenmendoza.com\/index.php?rest_route=\/wp\/v2\/users\/2"}],"replies":[{"embeddable":true,"href":"https:\/\/pasaenmendoza.com\/index.php?rest_route=%2Fwp%2Fv2%2Fcomments&post=746"}],"version-history":[{"count":1,"href":"https:\/\/pasaenmendoza.com\/index.php?rest_route=\/wp\/v2\/posts\/746\/revisions"}],"predecessor-version":[{"id":748,"href":"https:\/\/pasaenmendoza.com\/index.php?rest_route=\/wp\/v2\/posts\/746\/revisions\/748"}],"wp:featuredmedia":[{"embeddable":true,"href":"https:\/\/pasaenmendoza.com\/index.php?rest_route=\/wp\/v2\/media\/747"}],"wp:attachment":[{"href":"https:\/\/pasaenmendoza.com\/index.php?rest_route=%2Fwp%2Fv2%2Fmedia&parent=746"}],"wp:term":[{"taxonomy":"category","embeddable":true,"href":"https:\/\/pasaenmendoza.com\/index.php?rest_route=%2Fwp%2Fv2%2Fcategories&post=746"},{"taxonomy":"post_tag","embeddable":true,"href":"https:\/\/pasaenmendoza.com\/index.php?rest_route=%2Fwp%2Fv2%2Ftags&post=746"}],"curies":[{"name":"wp","href":"https:\/\/api.w.org\/{rel}","templated":true}]}}