{"id":7466,"date":"2024-05-13T17:09:27","date_gmt":"2024-05-13T15:09:27","guid":{"rendered":"https:\/\/pasaenmendoza.com\/?p=7466"},"modified":"2024-05-13T17:09:28","modified_gmt":"2024-05-13T15:09:28","slug":"cornejo-la-oposicion-que-es-una-sombra-y-la-amenaza-electoral-interna","status":"publish","type":"post","link":"https:\/\/pasaenmendoza.com\/?p=7466","title":{"rendered":"Cornejo, la oposici\u00f3n que es una sombra y la amenaza electoral interna"},"content":{"rendered":"\n<p>Luis Petri vino a Mendoza y demostr\u00f3 sus intenciones de ser candidato a gobernador, en un escenario en donde la oposici\u00f3n aparece desdibujada. Las dudas del gobernador por el futuro de la econom\u00eda.<\/p>\n\n\n\n<p>El gobernador&nbsp;<strong>Alfredo Cornejo<\/strong>&nbsp;anda dando vueltas desde hace unos d\u00edas detr\u00e1s de una medida que contiene algo de audacia. Una virtud muchas veces esencial para la toma de decisiones que, si se quiere, no sobra dentro de una administraci\u00f3n como la actual que apenas se mueve todo el tiempo entre la crisis y la preocupaci\u00f3n por sostener como pueda el funcionamiento de la cosa p\u00fablica ante la escasez de recursos.<\/p>\n\n\n\n<p>Siempre se dijo, y con raz\u00f3n, que el f\u00fatbol no deber\u00eda estar dentro de las cosas importantes en la vida de una sociedad. Ahora bien. De ese listado de asuntos que menos importan, sin dudas que el f\u00fatbol es el m\u00e1s importante para much\u00edsima gente. Y en ese sentido\u00a0<strong>Alfredo Cornejo<\/strong>\u00a0tiene algo en consideraci\u00f3n: la posibilidad de que\u00a0el cl\u00e1sico entre Independiente Rivadavia y Godoy Cruz, pautado para el pr\u00f3ximo fin de semana, se juegue en el Malvinas Argentinas y con p\u00fablico de las dos hinchadas.<\/p>\n\n\n\n<p>Otra vez el tema de las cosas prioritarias. Es m\u00e1s que evidente que una medida de este tipo no mueve la aguja de la gesti\u00f3n. Pero desde lo simb\u00f3lico tiene su impacto. Ser\u00eda la forma de testear si en&nbsp;<strong>Mendoza&nbsp;<\/strong>se puede llegar a disfrutar de un evento de este tipo, como ya est\u00e1 ocurriendo en otras provincias en donde las parcialidades lograron convivir sin siquiera un incidente. Y asimismo ser\u00eda un desaf\u00edo importante para revertir la imagen de una pol\u00edtica oficial para brindar seguridad en las canchas que, sobre todo en los partidos del Tomba y de la Lepra, viene mostrando en el \u00faltimo tiempo much\u00edsimas falencias.<\/p>\n\n\n\n<p>\u201cEl&nbsp;<strong>Alfredo&nbsp;<\/strong>quiere que est\u00e9n las dos hinchadas. El tema es que la Polic\u00eda no\u201d, desliz\u00f3 una fuente oficial el punto del debate interno alrededor de esta definici\u00f3n. Y ac\u00e1 nuevamente la relativa trascendencia que pueda llegar a tener la medida, contrapuesta con su peso simb\u00f3lico. Organizar eventos de este tipo requiere planificaci\u00f3n, estudio y ejecuci\u00f3n por parte de la Polic\u00eda para que tengan m\u00e1s garant\u00edas de que resulten exitosos. Es verdad que existe un lumpenaje internalizado en las dos hinchadas, que por lo que se ve est\u00e1 siendo imposible de contener. Pero si Santiago del Estero pudo organizar una final de campeonato entre Estudiantes y Velez, o lo que fue m\u00e1s notorio: en C\u00f3rdoba se pudo jugar una partido eliminatorio entre River y Boca sin un solo desm\u00e1n \u00bfNo puede la Polic\u00eda, si as\u00ed decide avanzar el gobierno, armar un operativo eficaz con hinchadas que adem\u00e1s ya conoce y para que un partido de esta trascendencia resulte en una celebraci\u00f3n y no una tragedia?<\/p>\n\n\n\n<p>Seguramente alguna definici\u00f3n se conocer\u00e1 en estos d\u00edas. Pero&nbsp;<strong>Cornejo&nbsp;<\/strong>deber\u00e1 sortear otro obst\u00e1culo m\u00e1s alto para avanzar en su deseo. Cuando la intenci\u00f3n oficial de jugar en el Malvinas circul\u00f3, el presidente de Independiente, Daniel Vila, puso este domingo el grito en el cielo porque no est\u00e1 dispuesto a resignar la local\u00eda en un cl\u00e1sico tan importante. Ac\u00e1, no hay apuesta que valga a mejorar el estado de cosas.<\/p>\n\n\n\n<p>En tanto,\u00a0<strong>Cornejo\u00a0<\/strong>pas\u00f3 este fin de semana por la tradicional\u00a0Fiesta de la Ganader\u00eda de General Alvear\u00a0con cierta sensaci\u00f3n de alivio al final, \u00e1nimo\u00a0 que todav\u00eda no encuentra cuando mira hacia lo que est\u00e1 sucediendo en Buenos Aires.<\/p>\n\n\n\n<p>El gobernador se reuni\u00f3 hace unos d\u00edas con Luis Caputo, el ministro de Econom\u00eda, y entre alusiones del funcionario nacional sobre las buenas perspectivas de inversi\u00f3n que \u00e9l ve para\u00a0<strong>Mendoza<\/strong>, surgi\u00f3 el tema obligado en la conversaci\u00f3n. Caputo se mostr\u00f3 confiado ante el gobernador mendocino de que la econom\u00eda marcha bien y que la consolidaci\u00f3n de la baja de la inflaci\u00f3n es el camino correcto hacia la recuperaci\u00f3n econ\u00f3mica.\u00a0<strong>Cornejo\u00a0<\/strong>lo escuch\u00f3, pero guard\u00f3 para s\u00ed una duda visceral. Si bien el mendocino se muestra \u201cmoderadamente optimista\u201d con el proceso econ\u00f3mico en marcha, pone reparos de que en pocos meses se produzca el rebote anunciado porque el da\u00f1o realizado en estos meses fue muy grande y adem\u00e1s, entiende, la crisis no se va a revertir solamente porque la inflaci\u00f3n baje.<\/p>\n\n\n\n<p>La discusi\u00f3n por la Ley Bases tampoco le est\u00e1 trayendo buenas noticias, en este tren dialoguista y colaborativo al que est\u00e1 subido con Milei. El radicalismo fue quien impuls\u00f3 el jueves un cuarto intermedio para que el debate en comisiones pasara para este lunes, porque cay\u00f3 en la cuenta de que el gobierno no tiene los votos en el Senado para aprobar su ley. El bloque de la UCR en la C\u00e1mara Alta sigue con disidencias importantes, o al menos una que es clave. Mart\u00edn Lousteau le garantiz\u00f3 a sus pares de la UCR que estar\u00eda dispuesto a votar en general la norma, pero en lo particular \u00e9l iba a plantear sus diferencias.<\/p>\n\n\n\n<p>La Fiesta de la Ganader\u00eda, hist\u00f3ricamente, siempre oper\u00f3 como la caja de resonancia de los reclamos del Sur provincial y se vivieron all\u00ed jornadas hist\u00f3ricas que lograron poner en aprietos a varios gobernadores. Pero adem\u00e1s, entre callejones repletos de costillares al asador, este s\u00e1bado de mayo sure\u00f1o siempre funciona como vidriera pol\u00edtica en donde, adem\u00e1s del gobernador y del oficialismo, tambi\u00e9n busca hacerse ver la oposici\u00f3n.<\/p>\n\n\n\n<p>Sobre esto \u00faltimo: qued\u00f3 en evidencia que la oposici\u00f3n pol\u00edtica a&nbsp;<strong>Cornejo&nbsp;<\/strong>hoy es una sombra. Casi ninguno de los referentes centrales del peronismo ni de La Uni\u00f3n Mendocina pisaron Alvear anteayer. Quiz\u00e1s haya que bucear en la propia interna del radicalismo para encontrar lo que el gobernador tiene enfrente en la actualidad. Ulpiano Suarez, el intendente de Capital, es una de esas figuras. Y quedaron expl\u00edcitas las pretensiones de Luis Petri, el ministro de Defensa de Milei, quien se est\u00e1 apalancando desde su puesto en el gabinete nacional para llegar a cumplir el objetivo que se plante\u00f3 ya hace cuatro a\u00f1os cuando&nbsp;<strong>Cornejo&nbsp;<\/strong>lo dej\u00f3 fuera de ese olimpo pol\u00edtico personal en el que sube y baja dirigentes de las listas&nbsp;todo el tiempo.<\/p>\n\n\n\n<p>Petri quiere ser gobernador. Nadie duda de eso. Estuvo en Alvear y este domingo se mostr\u00f3 en Lujan, en donde particip\u00f3 de los festejos\u00a0por un nuevo aniversario del departamento. Obvio que all\u00ed reapareci\u00f3 Omar De Marchi y el intendente\u00a0Esteban Allasino invit\u00f3 al goberndor. Pero este gentilmente desestim\u00f3 el convite.<\/p>\n\n\n\n<p>La ambici\u00f3n de Petri\u00a0est\u00e1 en movimiento\u00a0desde hace rato. Cr\u00f3nicas period\u00edsticas daban cuenta la semana pasada que se rompi\u00f3 la alianza que construy\u00f3 con Patricia Bullrich porque, precisamente, en pos de ese objetivo que se autoimpuso est\u00e1 llenado el ministerio de Defensa de mendocinos que est\u00e1n trabajando de lleno en la construcci\u00f3n de su candidatura. Entre ellos hay uno que est\u00e1 m\u00e1s que abocado a la tarea: Emilio Magnaghi, el due\u00f1o de medios y de la Cooperativa El\u00e9ctrica de Godoy Cruz, quien no solo jug\u00f3 fuerte para Petri en la interna de Cambia\u00a0<strong>Mendoza\u00a0<\/strong>en 2023 sino que desde febrero ocupa una de las vicepresidencias de la F\u00e1brica Argentina de Aviones que depende de la cartera de Defensa.<\/p>\n\n\n\n<p>Con respecto a los reclamos que provienen desde el Sur,&nbsp;<strong>Cornejo&nbsp;<\/strong>cree que tambi\u00e9n sali\u00f3 airoso en Alvear. El clima en la previa ven\u00eda denso: desde San Rafael y desde Malarg\u00fce reclaman con firmeza por el reparto equitativo de los fondos de Portezuelo del Viento y se esperaba que esas voces se hicieran o\u00edr en la Ganader\u00eda. Eso ocurri\u00f3, aunque no con la potencia suficiente como para que el gobierno se viera obligado a anunciar ante empresarios, productores y dirigentes de la regi\u00f3n un cambio de planes.<\/p>\n\n\n\n<p>El gobernador les asegur\u00f3 que \u201cbuena parte de los recursos (de Portezuelo) van a ser invertidos aqu\u00ed\u201d, pero sin desviarse del plan que ya tiene trazado. Desde el Sur provincial, ante las definiciones que supuestamente se avecinan, vienen redoblando el reclamo de que esa plata les corresponde. Celso Jaque, el intendente de Malarg\u00fce, apel\u00f3 a un argumento de derechos adquiridos que el gobierno rechaza. El sanrafaelino Omar F\u00e9lix pide otra cosa. Se suma al reclamo de Jaque, pero pide que esos fondos sean utilizados para el desarrollo de la industria y de la actividad privada que, en el principio de los tiempos, fue la perjudicada por los beneficios de la promoci\u00f3n industrial en las provincias vecinas. En otras palabras, lo que le est\u00e1 pidiendo a&nbsp;<strong>Cornejo&nbsp;<\/strong>es que no se la gaste toda en obra p\u00fablica y que contribuya a levantar a una econom\u00eda que est\u00e1 muy deprimida desde hace a\u00f1os y que, particularmente en el Sur, solo sobrevive gracias al turismo. Poco y nada de esto suceder\u00e1, explican, con la sola construcci\u00f3n de un dique como prometen&nbsp;hacer desde Casa de Gobierno.<\/p>\n\n\n\n<p>No existe por el momento la voluntad oficial de establecer alg\u00fan esquema de financiamiento para empresas con los millones de Portezuelo como reclama F\u00e9lix. Aunque en el fondo, lo que hay que decir es que tampoco existe por el momento una definici\u00f3n precisa acerca de en qu\u00e9 se va a invertir esa fenomenal cantidad de recursos disponibles.<\/p>\n\n\n\n<p>Dos o tres cuestiones s\u00ed se pueden confirmar, porque de hecho es de lo que medio gobierno habla. Los 1.023 millones de d\u00f3lares ser\u00e1n destinados a obras relacionadas con el cuidado del agua, a proyectos hidroel\u00e9ctricos y, como agregado de las \u00faltimas semanas, tambi\u00e9n se pondr\u00e1 plata para mejorar caminos productivos. El segundo aspecto que ya se sabe es que, particularmente en las obras hidroel\u00e9ctricas y en las rutas, la apuesta es a conseguir un repago. Y aqu\u00ed se introduce una novedad: el gobierno apunta a mejorar rutas y a cobrar peaje para circular por ellas. Quiz\u00e1s el ejemplo m\u00e1s concreto de esto sea lo que se viene sobre la ruta Panamericana, cuando la terminen.<\/p>\n\n\n\n<p>Y dos puntos m\u00e1s, uno m\u00e1s importante que el otro. No hay que esperar definiciones en el corto o mediano plazo acerca del plan de&nbsp;<strong>Cornejo&nbsp;<\/strong>para esos fondos. Las obras se ir\u00e1n anunciando a medida que est\u00e9n listas para licitar, en un proceso que demorar\u00e1 meses seguramente. En ese sentido, aparece el problema de fondo. El gobierno menciona con insistencia la existencia de un \u201cbanco de proyectos\u201d en el que se est\u00e1n analizando por lo menos unas 70 obras para realizar. En realidad en ese \u201cbanco\u201d se puede encontrar s\u00f3lo una&nbsp; que, si el gobierno lo decide, podr\u00eda avanzar ya mismo. Es el dique El Baqueano, que ser\u00e1 una de las inversiones principales del plan de los mil millones. Al resto, le falta trabajo y estudio todav\u00eda.<\/p>\n\n\n\n<p>La licitaci\u00f3n de El Baqueano tampoco ser\u00e1 inmediata. El gobierno est\u00e1 aguardando por la contractualizaci\u00f3n de un acuerdo que firm\u00f3 Rodolfo Suarez con Sergio Massa durante la campa\u00f1a electoral del a\u00f1o pasado. En esa oportunidad, la provincia acord\u00f3 con la Naci\u00f3n ingresar en el programa nacional que garantiza el precio de compra de energ\u00eda durante 15 a\u00f1os que resulta una garant\u00eda del negocio de lo que generar\u00e1 el dique.&nbsp;<strong>Cornejo&nbsp;<\/strong>siempre entendi\u00f3 ( y por eso le fren\u00f3 la licitaci\u00f3n a Suarez) que El Baqueano deber\u00eda replicar el esquema que permiti\u00f3 la construcci\u00f3n del dique Potrerillos hacia finales de los 90, es decir, que no sea el Estado quien aporte la totalidad de los fondos sino que empresas privadas participen de la inversi\u00f3n. En aquella ocasi\u00f3n, la provincia puso su parte que result\u00f3 de los fondos provenientes de la privatizaci\u00f3n de las empresas de servicios y las empresas de Enrique Pescarmona y de Jos\u00e9 Cartellone tambi\u00e9n aportaron financiamiento para quedarse, finalmente, con el negocio de la generaci\u00f3n de energ\u00eda hidroel\u00e9ctrica.<\/p>\n\n\n\n<p>Pero para que esto suceda falta tiempo. Uno corto, si se quiere, cuando\u00a0<strong>Mendoza\u00a0<\/strong>termine de acordar con la secretar\u00eda de Energ\u00eda de la Naci\u00f3n el contrato firmado con Massa. Pero otro mucho m\u00e1s largo, sin dudas, para encontrar un inversor privado que decida correr el riesgo de hacer un dique. Algunos, como Marcelo Midlin, ya mostraron cierto inter\u00e9s en participar. Sin embargo, hasta que no exista un rumbo definido de la macroeconom\u00eda, resultar\u00e1 imposible que alg\u00fan oferente aparezca.<\/p>\n\n\n\n<p>FUENTE: MDZonline.<\/p>\n","protected":false},"excerpt":{"rendered":"<p>Luis Petri vino a Mendoza y demostr\u00f3 sus intenciones de ser candidato a gobernador, en un escenario en donde la oposici\u00f3n aparece desdibujada. Las dudas del gobernador por el futuro de la econom\u00eda. El gobernador&nbsp;Alfredo Cornejo&nbsp;anda dando vueltas desde hace unos d\u00edas detr\u00e1s de una medida que contiene algo de audacia. Una virtud muchas veces [&hellip;]<\/p>\n","protected":false},"author":2,"featured_media":7479,"comment_status":"open","ping_status":"open","sticky":true,"template":"","format":"standard","meta":[],"categories":[47],"tags":[],"_links":{"self":[{"href":"https:\/\/pasaenmendoza.com\/index.php?rest_route=\/wp\/v2\/posts\/7466"}],"collection":[{"href":"https:\/\/pasaenmendoza.com\/index.php?rest_route=\/wp\/v2\/posts"}],"about":[{"href":"https:\/\/pasaenmendoza.com\/index.php?rest_route=\/wp\/v2\/types\/post"}],"author":[{"embeddable":true,"href":"https:\/\/pasaenmendoza.com\/index.php?rest_route=\/wp\/v2\/users\/2"}],"replies":[{"embeddable":true,"href":"https:\/\/pasaenmendoza.com\/index.php?rest_route=%2Fwp%2Fv2%2Fcomments&post=7466"}],"version-history":[{"count":1,"href":"https:\/\/pasaenmendoza.com\/index.php?rest_route=\/wp\/v2\/posts\/7466\/revisions"}],"predecessor-version":[{"id":7480,"href":"https:\/\/pasaenmendoza.com\/index.php?rest_route=\/wp\/v2\/posts\/7466\/revisions\/7480"}],"wp:featuredmedia":[{"embeddable":true,"href":"https:\/\/pasaenmendoza.com\/index.php?rest_route=\/wp\/v2\/media\/7479"}],"wp:attachment":[{"href":"https:\/\/pasaenmendoza.com\/index.php?rest_route=%2Fwp%2Fv2%2Fmedia&parent=7466"}],"wp:term":[{"taxonomy":"category","embeddable":true,"href":"https:\/\/pasaenmendoza.com\/index.php?rest_route=%2Fwp%2Fv2%2Fcategories&post=7466"},{"taxonomy":"post_tag","embeddable":true,"href":"https:\/\/pasaenmendoza.com\/index.php?rest_route=%2Fwp%2Fv2%2Ftags&post=7466"}],"curies":[{"name":"wp","href":"https:\/\/api.w.org\/{rel}","templated":true}]}}