{"id":7470,"date":"2024-05-13T15:49:02","date_gmt":"2024-05-13T13:49:02","guid":{"rendered":"https:\/\/pasaenmendoza.com\/?p=7470"},"modified":"2024-05-13T15:49:04","modified_gmt":"2024-05-13T13:49:04","slug":"rescataron-a-17-personas-victimas-de-trata-laboral-de-una-finca-de-lavalle","status":"publish","type":"post","link":"https:\/\/pasaenmendoza.com\/?p=7470","title":{"rendered":"Rescataron a 17 personas v\u00edctimas de trata laboral de una finca de Lavalle"},"content":{"rendered":"\n<p>En un importante\u00a0<strong>allanamiento<\/strong>\u00a0realizado en una\u00a0<strong>finca de\u00a0Lavalle<\/strong>, un total de\u00a0<strong>17 personas<\/strong>\u00a0(14 hombres y 3 mujeres) fueron\u00a0<strong>rescatadas<\/strong>\u00a0en el marco de una investigaci\u00f3n por<strong>\u00a0trata de personas con fines de explotaci\u00f3n laboral<\/strong>, que se inici\u00f3 a ra\u00edz de una denuncia judicial.<\/p>\n\n\n\n<p>La intervenci\u00f3n estuvo a cargo del personal de la Unidad de Investigaciones de Delitos Complejos y Procedimientos Judiciales &#8220;Mendoza&#8221; de Gendarmer\u00eda Nacional, con el apoyo del Escuadr\u00f3n 64 &#8220;Mendoza&#8221;. Adem\u00e1s, participaron representantes de la Agencia Territorial Mendoza del Ministerio de Capital Humano de Naci\u00f3n, profesionales del Programa Nacional de Rescate y Acompa\u00f1amiento a las V\u00edctimas por el Delito de Trata, referentes locales del RENATRE y UATRE, as\u00ed como el Equipo T\u00e9cnico Interdisciplinario Lavalle.<\/p>\n\n\n\n<p>El allanamiento de la finca, ordenado por el Juzgado Federal Nro. 1, Secretar\u00eda Penal &#8220;A&#8221; de Mendoza, cont\u00f3 con la supervisi\u00f3n de la Fiscal\u00eda Federal Nro. 1. Debido a las dimensiones del lugar, el equipo interagencial dividi\u00f3 su trabajo en dos sectores. En el primero se encontraban<strong>&nbsp;dos grandes galpones, ocho habitaciones, tres viviendas y tres ba\u00f1os<\/strong>, mientras que en el segundo se ubicaban<strong>&nbsp;ocho viviendas y dos ba\u00f1os comunitarios.<\/strong><\/p>\n\n\n\n<p>Durante el operativo, se detectaron c<strong>ondiciones precarias de habitabilidad e higiene<\/strong>, as\u00ed como \u00edndices de<strong>\u00a0vulnerabilidad en las instalaciones<\/strong>. Posteriormente, se realizaron entrevistas y relevamientos a las<strong>\u00a017 presuntas v\u00edctimas de trata de personas<\/strong>\u00a0con fines de explotaci\u00f3n laboral.<\/p>\n\n\n\n<p>Cabe destacar que este es el\u00a0<strong>quinto accionar exitoso<\/strong>\u00a0realizado por la Unidad de Investigaci\u00f3n de Gendarmer\u00eda Nacional en relaci\u00f3n a casos de trata de personas. En lo que va del a\u00f1o, se han llevado a cabo dos allanamientos en marzo, uno en abril y dos en mayo,<strong>\u00a0logrando asistir a un total de 84 personas\u00a0<\/strong>relacionadas con investigaciones de trata de personas con fines de explotaci\u00f3n laboral.<\/p>\n\n\n\n<p><strong>Fuente: www.mendozapost.com<\/strong><\/p>\n","protected":false},"excerpt":{"rendered":"<p>En un importante\u00a0allanamiento\u00a0realizado en una\u00a0finca de\u00a0Lavalle, un total de\u00a017 personas\u00a0(14 hombres y 3 mujeres) fueron\u00a0rescatadas\u00a0en el marco de una investigaci\u00f3n por\u00a0trata de personas con fines de explotaci\u00f3n laboral, que se inici\u00f3 a ra\u00edz de una denuncia judicial. La intervenci\u00f3n estuvo a cargo del personal de la Unidad de Investigaciones de Delitos Complejos y Procedimientos Judiciales [&hellip;]<\/p>\n","protected":false},"author":2,"featured_media":7471,"comment_status":"open","ping_status":"open","sticky":false,"template":"","format":"standard","meta":[],"categories":[48],"tags":[],"_links":{"self":[{"href":"https:\/\/pasaenmendoza.com\/index.php?rest_route=\/wp\/v2\/posts\/7470"}],"collection":[{"href":"https:\/\/pasaenmendoza.com\/index.php?rest_route=\/wp\/v2\/posts"}],"about":[{"href":"https:\/\/pasaenmendoza.com\/index.php?rest_route=\/wp\/v2\/types\/post"}],"author":[{"embeddable":true,"href":"https:\/\/pasaenmendoza.com\/index.php?rest_route=\/wp\/v2\/users\/2"}],"replies":[{"embeddable":true,"href":"https:\/\/pasaenmendoza.com\/index.php?rest_route=%2Fwp%2Fv2%2Fcomments&post=7470"}],"version-history":[{"count":1,"href":"https:\/\/pasaenmendoza.com\/index.php?rest_route=\/wp\/v2\/posts\/7470\/revisions"}],"predecessor-version":[{"id":7472,"href":"https:\/\/pasaenmendoza.com\/index.php?rest_route=\/wp\/v2\/posts\/7470\/revisions\/7472"}],"wp:featuredmedia":[{"embeddable":true,"href":"https:\/\/pasaenmendoza.com\/index.php?rest_route=\/wp\/v2\/media\/7471"}],"wp:attachment":[{"href":"https:\/\/pasaenmendoza.com\/index.php?rest_route=%2Fwp%2Fv2%2Fmedia&parent=7470"}],"wp:term":[{"taxonomy":"category","embeddable":true,"href":"https:\/\/pasaenmendoza.com\/index.php?rest_route=%2Fwp%2Fv2%2Fcategories&post=7470"},{"taxonomy":"post_tag","embeddable":true,"href":"https:\/\/pasaenmendoza.com\/index.php?rest_route=%2Fwp%2Fv2%2Ftags&post=7470"}],"curies":[{"name":"wp","href":"https:\/\/api.w.org\/{rel}","templated":true}]}}