{"id":7473,"date":"2024-05-13T15:58:33","date_gmt":"2024-05-13T13:58:33","guid":{"rendered":"https:\/\/pasaenmendoza.com\/?p=7473"},"modified":"2024-05-13T15:58:35","modified_gmt":"2024-05-13T13:58:35","slug":"la-banda-de-las-salideras-bancarias-y-el-fallo-que-complico-a-la-mayoria-de-sus-integrantes","status":"publish","type":"post","link":"https:\/\/pasaenmendoza.com\/?p=7473","title":{"rendered":"La banda de las salideras bancarias y el fallo que complic\u00f3 a la mayor\u00eda de sus integrantes"},"content":{"rendered":"\n<p>La investigaci\u00f3n penal que se inici\u00f3 a fines del a\u00f1o pasado para\u00a0desarticular una organizaci\u00f3n delictiva integrada por mendocinos y tucumanos\u00a0que perpetraba\u00a0<strong>salideras bancarias<\/strong>\u00a0en el microcentro present\u00f3 novedades de importancia este viernes por la tarde, cuando el juez\u00a0<strong>Gabriel Bragagnolo dict\u00f3 la prisi\u00f3n preventiva\u00a0<\/strong>para la mayor\u00eda de los sospechosos que fueron detenidos a mediados de marzo, cuando se desarrollaron allanamientos en Guaymall\u00e9n.<\/p>\n\n\n\n<p>De acuerdo con fuentes judiciales, la medida cautelar que afecta la libertad recay\u00f3 sobre los tucumanos\u00a0<strong>Eduardo Manuel Escudero y Brian Adolfo Figueroa\u00a0<\/strong>(primeros capturados que tuvo la causa), y los mendocinos\u00a0<strong>Gonzalo Montuelle, Juan Ariel Oz\u00e1n y Santiago Nicol\u00e1s Rodr\u00edguez<\/strong>, quienes se encuentran<mark>\u00a0imputados por asociaci\u00f3n il\u00edcita y robo agravado.<\/mark><\/p>\n\n\n\n<p>Todos comparten la primera de las calificaciones, es decir, que hubo un acuerdo entre los sujetos para cometer los asaltos, mientras que var\u00eda la cantidad de robos que le endilgan a cada uno de ellos, tal como se desprende del expediente.<\/p>\n\n\n\n<p>Se sabe que&nbsp;<strong>son m\u00e1s de 15 salideras en tres meses<\/strong>&nbsp;y que algunos participaron en algunos hechos y otros no. Las fuentes agregaron que tres de los imputados recuperaron la libertad pero continuar\u00e1n sometidos a proceso: se trata de&nbsp;<strong>Lucas Cataldo, Claudio Daniel Mart\u00ednez (conocido como&nbsp;<em>Mococho<\/em>) y Marcos Jorge De Felipe<\/strong>.<\/p>\n\n\n\n<p>Seguir\u00e1n imputados por asociaci\u00f3n il\u00edcita en la instrucci\u00f3n que lidera el\u00a0<strong>fiscal Jos\u00e9 Manuel Garc\u00eda Mango\u00a0<\/strong>y se les prohibi\u00f3 salir de la provincia y el pa\u00eds, entre otras reglas de conducta que deber\u00e1n cumplir hasta que la causa tenga debate.<\/p>\n\n\n\n<p>Mart\u00ednez, por ejemplo, fue detenido durante los allanamientos que desplegaron a fines de marzo efectivos de la&nbsp;<strong>Divisi\u00f3n Robos y Hurtos de Investigaciones<\/strong>,&nbsp;<mark>sospechado de ser uno de los miembros de la banda que marcaba a las v\u00edctimas con la ayuda de mujeres&nbsp;<\/mark>cuando sal\u00edan de los bancos del centro luego de retirar dinero en efectivo.<\/p>\n\n\n\n<p>Este hombre de 36 a\u00f1os, representado en la causa por el abogado Federico \u00c1balos,\u00a0<strong>pag\u00f3 una cauci\u00f3n de un mill\u00f3n de pesos y qued\u00f3 en libertad<\/strong>\u00a0porque no registraba condenas previas. Tampoco exist\u00eda riesgo de fuga y entorpecimiento de la investigaci\u00f3n y ten\u00eda trabajo (asegur\u00f3 ser responsable de una agencia de autos y tener una propiedad en alquiler), se desprende de la resoluci\u00f3n.<\/p>\n\n\n\n<p>Lo mismo con\u00a0<strong>De Felipe<\/strong>, defendido por el abogado Franco Migliavacca, quien tambi\u00e9n pag\u00f3 una fianza de un mill\u00f3n de pesos y hab\u00eda sido imputado como uno de los l\u00edderes de la organizaci\u00f3n pero el juez descart\u00f3 que lo fuera en el fallo que se ventil\u00f3 este viernes.<\/p>\n\n\n\n<p><strong>La investigaci\u00f3n policial y judicial est\u00e1 en sus primeros pasos<\/strong>&nbsp;y todav\u00eda restan varias pruebas para producir. Es m\u00e1s, hasta presenta a sospechosos con pedidos de captura.<\/p>\n\n\n\n<p>Se sabe que una&nbsp;<mark>banda integrada por mendocinos (la mayor\u00eda, oriundos de Guaymall\u00e9n) y tucumanos actuaron durante m\u00e1s de tres meses marcando a sus v\u00edctimas a la salida de las entidades financieras de zona de plaza San Mart\u00edn<\/mark>&nbsp;de Ciudad para luego atacarlas mientras circulaban en sus autos particulares.<\/p>\n\n\n\n<p>Despu\u00e9s de la marcaci\u00f3n, entraban en escena los otros integrantes de la gavilla. Un par de sujetos que se movilizaban en motos (algunas con patentes cambiadas) persegu\u00edan a las personas que retiraban el dinero de los bancos y las abordaban en la v\u00eda p\u00fablica, generalmente cuando se retiraban y frenaban en un sem\u00e1foro.<\/p>\n\n\n\n<p>Uno de los motochorros, aprovechando que tambi\u00e9n era custodiado por otra pata de la banda que captaba todas las acciones en autos (en la mayor\u00eda de los hechos fue identificado un\u00a0<strong>Renault Logan\u00a0<\/strong>blanco con patente tucumana y propiedad del padre del sospechoso\u00a0<strong>Brian Figueroa<\/strong>), se bajaba y romp\u00eda uno de los vidrios de los autos para sustraer el dinero que era transportado en bolsos o mochilas.<\/p>\n\n\n\n<h2 class=\"wp-block-heading\" id=\"h-los-hechos-que-no-habian-trascendido\">Los hechos que no hab\u00edan trascendido<\/h2>\n\n\n\n<p>Tal como revel\u00f3&nbsp;<strong><em>El Sol<\/em><\/strong>, se registraron m\u00e1s de 15 casos entre diciembre y marzo de este a\u00f1o.&nbsp;<strong>Los hechos no hab\u00edan trascendido pero generaron preocupaci\u00f3n en las autoridades policiales de la provincia<\/strong>. Debido a esto, se conform\u00f3 una comisi\u00f3n policial para trabajar en la zona bancaria local y se analizaron c\u00e1maras de seguridad para intentar identificar a los autores de los ataques.<\/p>\n\n\n\n<p>Mientras se desarrollaba la pesquisa, fueron detenidos in fraganti despu\u00e9s de un robo en la calle los tucumanos Escudero y Figueroa.\u00a0<strong>Se identificaron las motos en las que circulaban y tambi\u00e9n los autos que prestaban apoyo<\/strong>. Con el paso de los d\u00edas, se fueron sumando otras evidencias y as\u00ed fue que se solicitaron los allanamientos para capturar a los presuntos integrantes de la banda.<\/p>\n\n\n\n<p>Adem\u00e1s de los citados detenidos a los que se les dict\u00f3 la prisi\u00f3n preventiva y los tres que deber\u00e1n responder en la instrucci\u00f3n en libertad, la pesquisa tiene varios pr\u00f3fugos: entre ellos se destacan\u00a0<strong>Florencia D\u00edaz\u00a0<\/strong>(lasherina, pareja de Oz\u00e1n y detectada con c\u00e1maras de seguridad en el centro caminando junto con Mart\u00ednez en la llamada zona de \u201cmarcaci\u00f3n\u201d), las tucumanas<strong>\u00a0Iris Mar\u00eda Dominelli\u00a0<\/strong>(se\u00f1alada como novia de Escudero) y\u00a0<strong>Jenifer Romano<\/strong>,\u00a0<strong>Brian Bernal<\/strong>,\u00a0<strong>Fabricio Montuelle<\/strong>\u00a0(hermano de Gonzalo) y\u00a0<strong>Diego Mat\u00edas Baiardi.<\/strong><\/p>\n\n\n\n<p><strong>Fuente: www.elsol.com.ar<\/strong><\/p>\n","protected":false},"excerpt":{"rendered":"<p>La investigaci\u00f3n penal que se inici\u00f3 a fines del a\u00f1o pasado para\u00a0desarticular una organizaci\u00f3n delictiva integrada por mendocinos y tucumanos\u00a0que perpetraba\u00a0salideras bancarias\u00a0en el microcentro present\u00f3 novedades de importancia este viernes por la tarde, cuando el juez\u00a0Gabriel Bragagnolo dict\u00f3 la prisi\u00f3n preventiva\u00a0para la mayor\u00eda de los sospechosos que fueron detenidos a mediados de marzo, cuando se [&hellip;]<\/p>\n","protected":false},"author":2,"featured_media":7474,"comment_status":"open","ping_status":"open","sticky":false,"template":"","format":"standard","meta":[],"categories":[48],"tags":[],"_links":{"self":[{"href":"https:\/\/pasaenmendoza.com\/index.php?rest_route=\/wp\/v2\/posts\/7473"}],"collection":[{"href":"https:\/\/pasaenmendoza.com\/index.php?rest_route=\/wp\/v2\/posts"}],"about":[{"href":"https:\/\/pasaenmendoza.com\/index.php?rest_route=\/wp\/v2\/types\/post"}],"author":[{"embeddable":true,"href":"https:\/\/pasaenmendoza.com\/index.php?rest_route=\/wp\/v2\/users\/2"}],"replies":[{"embeddable":true,"href":"https:\/\/pasaenmendoza.com\/index.php?rest_route=%2Fwp%2Fv2%2Fcomments&post=7473"}],"version-history":[{"count":1,"href":"https:\/\/pasaenmendoza.com\/index.php?rest_route=\/wp\/v2\/posts\/7473\/revisions"}],"predecessor-version":[{"id":7475,"href":"https:\/\/pasaenmendoza.com\/index.php?rest_route=\/wp\/v2\/posts\/7473\/revisions\/7475"}],"wp:featuredmedia":[{"embeddable":true,"href":"https:\/\/pasaenmendoza.com\/index.php?rest_route=\/wp\/v2\/media\/7474"}],"wp:attachment":[{"href":"https:\/\/pasaenmendoza.com\/index.php?rest_route=%2Fwp%2Fv2%2Fmedia&parent=7473"}],"wp:term":[{"taxonomy":"category","embeddable":true,"href":"https:\/\/pasaenmendoza.com\/index.php?rest_route=%2Fwp%2Fv2%2Fcategories&post=7473"},{"taxonomy":"post_tag","embeddable":true,"href":"https:\/\/pasaenmendoza.com\/index.php?rest_route=%2Fwp%2Fv2%2Ftags&post=7473"}],"curies":[{"name":"wp","href":"https:\/\/api.w.org\/{rel}","templated":true}]}}