{"id":7481,"date":"2024-05-13T17:15:06","date_gmt":"2024-05-13T15:15:06","guid":{"rendered":"https:\/\/pasaenmendoza.com\/?p=7481"},"modified":"2024-05-13T17:15:07","modified_gmt":"2024-05-13T15:15:07","slug":"mendoza-pago-la-cuota-obligatoria-para-financiar-al-organismo-que-freno-la-obra-del-siglo","status":"publish","type":"post","link":"https:\/\/pasaenmendoza.com\/?p=7481","title":{"rendered":"Mendoza pag\u00f3 la cuota obligatoria para financiar al organismo que fren\u00f3 la \u201cobra del siglo\u201d"},"content":{"rendered":"\n<p>El gobierno provincial cancel\u00f3 los aportes correspondientes a los dos primeros bimestres del a\u00f1o para el funcionamiento del Coirco, que jug\u00f3 un papel clave en la cancelaci\u00f3n de Portezuelo del Viento.<\/p>\n\n\n\n<p><strong>El gobierno provincial pag\u00f3 m\u00e1s de $17,3 millones<\/strong>&nbsp;para&nbsp;<em>\u201catender gastos de funcionamiento y estudios\u201d<\/em>&nbsp;del Comit\u00e9 Interjurisdiccional del R\u00edo Colorado (<strong>Coirco<\/strong>). Se trata de los aportes correspondientes a los dos primeros bimestres del a\u00f1o, de acuerdo con el decreto 866 del Ministerio de Gobierno, publicado este lunes en el Bolet\u00edn Oficial.<\/p>\n\n\n\n<p>El&nbsp;<strong>Coirco&nbsp;<\/strong>est\u00e1 integrado por las&nbsp;<strong>cinco provincias<\/strong>&nbsp;que comparten la cuenca del r\u00edo Colorado, que nace en la Cordillera de los Andes (a partir de la confluencia de los r\u00edos Grande y Barrancas) y recorre 920 kil\u00f3metros hasta desembocar en el Oc\u00e9ano Atl\u00e1ntico.&nbsp;<strong>Fue creado en 1976<\/strong>, con el objetivo de establecer \u00e1reas de riego y distribuir el caudal de agua entre ellas. Luego se invit\u00f3 al&nbsp;<strong>Estado Nacional<\/strong>&nbsp;para formar parte del organismo.<\/p>\n\n\n\n<p>El Coirco,\u00a0<strong>un organismo t\u00e9cnico pero con fuerte impronta pol\u00edtica<\/strong>, cumpli\u00f3 un rol clave en el freno de la construcci\u00f3n de la megapresa\u00a0Portezuelo del Viento\u00a0en el sur mendocino. La presi\u00f3n de<strong>\u00a0La Pampa<\/strong>\u00a0contra la obra encontr\u00f3 eco en los representantes de la Naci\u00f3n y de otras provincias<strong>\u00a0(Neuqu\u00e9n, R\u00edo Negro y Buenos Aires)<\/strong>, que se pusieron de acuerdo para exigir un nuevo estudio de impacto ambiental sobre toda la cuenta.<\/p>\n\n\n\n<p><strong>Mendoza se neg\u00f3<\/strong>, argumentando que ese estudio ya hab\u00eda sido aprobado anteriormente. Finalmente a fines de 2022\u00a0<strong>el ex presidente Alberto Fern\u00e1ndez<\/strong>\u00a0dict\u00f3 un laudo arbitral ratificando la necesidad de realizar un nuevo estudio de impacto ambiental regional e integral sobre toda la cuenca del R\u00edo Colorado como condici\u00f3n para aprobar la construcci\u00f3n de\u00a0Portezuelo del Viento.<\/p>\n\n\n\n<p>La presa, calificada como la \u201cobra del siglo\u201d en la provincia, iba a ser financiada con los\u00a0<strong>1.023 millones de d\u00f3lares que la Naci\u00f3n le pag\u00f3 a Mendoza,<\/strong>\u00a0en compensaci\u00f3n por los perjuicios ocasionados por el r\u00e9gimen de promoci\u00f3n industrial. Esos fondos s\u00f3lo pod\u00edan destinarse a la construcci\u00f3n de obras hidroel\u00e9ctricas, pero recientemente el gobernador\u00a0<strong>Alfredo Cornejo<\/strong>\u00a0anunci\u00f3 que el gobierno de<strong>\u00a0Javier Milei<\/strong>\u00a0liber\u00f3 a la provincia de esa obligaci\u00f3n.<\/p>\n\n\n\n<p><em>\u201cSi en alg\u00fan momento La Pampa da la autorizaci\u00f3n y (el Coirco) lo aprueba por unanimidad, Portezuelo puede hacerse\u201d<\/em>, asegur\u00f3 Cornejo.&nbsp;<em>\u201cNo est\u00e1 cancelado\u201d<\/em>, insisti\u00f3.<\/p>\n\n\n\n<p>Desde La Pampa no tardaron en responder.\u00a0<em>\u201cFue una decisi\u00f3n de las cuatro provincias pedir un estudio de impacto ambiental\u201d<\/em>, sentenci\u00f3 Jos\u00e9 Gobbi, secretario de Recursos H\u00eddricos de\u00a0la vecina provincia. Y agreg\u00f3:\u00a0<em>\u201cEl problema de Mendoza es no respetar lo que dice Coirco\u201d.<\/em><\/p>\n\n\n\n<p>FUENTE: Elsol.com.ar <\/p>\n","protected":false},"excerpt":{"rendered":"<p>El gobierno provincial cancel\u00f3 los aportes correspondientes a los dos primeros bimestres del a\u00f1o para el funcionamiento del Coirco, que jug\u00f3 un papel clave en la cancelaci\u00f3n de Portezuelo del Viento. El gobierno provincial pag\u00f3 m\u00e1s de $17,3 millones&nbsp;para&nbsp;\u201catender gastos de funcionamiento y estudios\u201d&nbsp;del Comit\u00e9 Interjurisdiccional del R\u00edo Colorado (Coirco). Se trata de los aportes [&hellip;]<\/p>\n","protected":false},"author":2,"featured_media":7482,"comment_status":"open","ping_status":"open","sticky":true,"template":"","format":"standard","meta":[],"categories":[47],"tags":[],"_links":{"self":[{"href":"https:\/\/pasaenmendoza.com\/index.php?rest_route=\/wp\/v2\/posts\/7481"}],"collection":[{"href":"https:\/\/pasaenmendoza.com\/index.php?rest_route=\/wp\/v2\/posts"}],"about":[{"href":"https:\/\/pasaenmendoza.com\/index.php?rest_route=\/wp\/v2\/types\/post"}],"author":[{"embeddable":true,"href":"https:\/\/pasaenmendoza.com\/index.php?rest_route=\/wp\/v2\/users\/2"}],"replies":[{"embeddable":true,"href":"https:\/\/pasaenmendoza.com\/index.php?rest_route=%2Fwp%2Fv2%2Fcomments&post=7481"}],"version-history":[{"count":1,"href":"https:\/\/pasaenmendoza.com\/index.php?rest_route=\/wp\/v2\/posts\/7481\/revisions"}],"predecessor-version":[{"id":7483,"href":"https:\/\/pasaenmendoza.com\/index.php?rest_route=\/wp\/v2\/posts\/7481\/revisions\/7483"}],"wp:featuredmedia":[{"embeddable":true,"href":"https:\/\/pasaenmendoza.com\/index.php?rest_route=\/wp\/v2\/media\/7482"}],"wp:attachment":[{"href":"https:\/\/pasaenmendoza.com\/index.php?rest_route=%2Fwp%2Fv2%2Fmedia&parent=7481"}],"wp:term":[{"taxonomy":"category","embeddable":true,"href":"https:\/\/pasaenmendoza.com\/index.php?rest_route=%2Fwp%2Fv2%2Fcategories&post=7481"},{"taxonomy":"post_tag","embeddable":true,"href":"https:\/\/pasaenmendoza.com\/index.php?rest_route=%2Fwp%2Fv2%2Ftags&post=7481"}],"curies":[{"name":"wp","href":"https:\/\/api.w.org\/{rel}","templated":true}]}}