{"id":7487,"date":"2024-05-13T17:43:26","date_gmt":"2024-05-13T15:43:26","guid":{"rendered":"https:\/\/pasaenmendoza.com\/?p=7487"},"modified":"2024-05-13T17:43:27","modified_gmt":"2024-05-13T15:43:27","slug":"el-gobierno-detecto-que-el-45-de-las-cesantias-a-empleados-tiene-que-ver-con-faltas-injustificadas","status":"publish","type":"post","link":"https:\/\/pasaenmendoza.com\/?p=7487","title":{"rendered":"El Gobierno detect\u00f3 que el 45% de las cesant\u00edas a empleados tiene que ver con faltas injustificadas"},"content":{"rendered":"\n<p>El informe fue elaborado por el ministerio de Hacienda. El Gobierno present\u00f3 un proyecto para incluir la<strong>\u00a0inasistencia injustificada<\/strong>\u00a0como causal de cesant\u00eda.<\/p>\n\n\n\n<p>El ministerio de Hacienda y Finanzas, que comanda V\u00edctor Fayad, revel\u00f3 que entre marzo de 2023 y 2024 hubo&nbsp;<strong>108 empleados p\u00fablicos cesanteados<\/strong>. El<strong>&nbsp;45,7%&nbsp;<\/strong>se debe a&nbsp;<strong>inasistencias injustificadas<\/strong>. Uno de los \u00faltimos precedentes es el caso de una farmac\u00e9utica que falt\u00f3 76 veces a su lugar de trabajo en el Hospital Central.<\/p>\n\n\n\n<p>De acuerdo al informe, el&nbsp;<strong>45,7%<\/strong>&nbsp;de los empleados de la administraci\u00f3n central cesanteados se debe a&nbsp;<strong>inasistencias injustificadas&nbsp;<\/strong>y el&nbsp;<strong>29,5%<\/strong>&nbsp;a&nbsp;<strong>incumplimiento de las obligaciones<\/strong>&nbsp;(conducta indecorosa, conducirse con mal tacto y descortes\u00eda en sus relaciones de servicio con el p\u00fablico, etc.).<\/p>\n\n\n\n<p>Los dos \u00faltimos motivos se explican por el\u00a0<strong>21,7%<\/strong>\u00a0que cometieron\u00a0<strong>delitos\u00a0<\/strong>y el\u00a0<strong>3,1%<\/strong>\u00a0por\u00a0<strong>negligencia\u00a0<\/strong>en el ejercicio de sus funciones.<\/p>\n\n\n\n<h2 class=\"wp-block-heading\">La modificaci\u00f3n al r\u00e9gimen disciplinario que promueve el Gobierno<\/h2>\n\n\n\n<p>El Gobierno de Mendoza present\u00f3 en la Legislatura un&nbsp;<strong>paquete de reforma fiscal<\/strong>&nbsp;en donde est\u00e1 incluida una modificaci\u00f3n a la ley que vela por el buen desempe\u00f1o de los funcionarios p\u00fablicos. El&nbsp;<strong>r\u00e9gimen disciplinario<\/strong>&nbsp;para los agentes p\u00fablicos se rige por lo dispuesto en la ley provincial 9.103.<\/p>\n\n\n\n<p>Concretamente, busca adicionar al art\u00edculo 5 de la ley 9103 para&nbsp;<strong>enunciar&nbsp;<\/strong>expresamente como&nbsp;<strong>causal de cesant\u00eda<\/strong>&nbsp;la&nbsp;<strong>presentaci\u00f3n de un certificado m\u00e9dico<\/strong>&nbsp;y en los casos que se constate la falsedad ideol\u00f3gica del certificado, dar intervenci\u00f3n al&nbsp;<strong>consejo deontol\u00f3gico<\/strong>&nbsp;para que realice un sumario al profesional que haya emitido el certificado.<\/p>\n\n\n\n<p>Actualmente, los agentes que presentan\u00a0<strong>certificados m\u00e9dicos falsos<\/strong>\u00a0son sancionados bajo la calificaci\u00f3n de<strong>\u00a0conducta impropia<\/strong>\u00a0o porque una vez demostrada la falsedad del certificado se tornan<strong>\u00a0inasistencias injustificadas<\/strong>, explicaron.<\/p>\n\n\n\n<p>En caso de aprobarse la propuesta, quedar\u00e1&nbsp;<strong>redactada&nbsp;<\/strong>de la siguiente forma: \u201cSer\u00e1 causal de cesant\u00eda la presentaci\u00f3n con cualquier finalidad de un<strong>&nbsp;certificado m\u00e9dico falso<\/strong>, ya sea que la falsedad, debidamente constatada, sea material o ideol\u00f3gica. En el caso de falsedad ideol\u00f3gica, deber\u00e1 darse intervenci\u00f3n al Consejo Deontol\u00f3gico competente para que tramite el sumario y\/o procedimiento disciplinario pertinente respecto del profesional que haya emitido el certificado, sin perjuicio de las acciones penales que correspondan\u201d.<\/p>\n\n\n\n<p>El&nbsp;<strong>Consejo Deontol\u00f3gico<\/strong>&nbsp;es un organismo que tiene por objeto velar para que el ejercicio profesional se realice dentro de las normas \u00e9ticas y legales correspondientes.<\/p>\n\n\n\n<h2 class=\"wp-block-heading\">La farmac\u00e9utica del Hospital Central que falt\u00f3 m\u00e1s de dos meses<\/h2>\n\n\n\n<p><strong>Mar\u00eda Cristina Da Passano<\/strong>, una farmac\u00e9utica que desempe\u00f1aba sus funciones en el hospital Central, present\u00f3\u00a0<strong>76 ausencias<\/strong>\u00a0injustificadas entre el 28 de septiembre de 2020 y el 21 de enero de 2021.<\/p>\n\n\n\n<p>De acuerdo a la resoluci\u00f3n emitida por la direcci\u00f3n ejecutiva del nosocomio, la agente p\u00fablica&nbsp;<strong>present\u00f3 tres partes m\u00e9dicos consecutivos&nbsp;<\/strong>sin entregarlos a la oficina de medicina laboral como marca el reglamento.<\/p>\n\n\n\n<p>Continuando con el documento, se especifica que tras la imputaci\u00f3n por incumplir el estatuto del empleado p\u00fablico fue citada a declarar y explic\u00f3 una serie de hechos que, seg\u00fan la mujer, justificaban sus inasistencias.<\/p>\n\n\n\n<p>Por lo que se le otorg\u00f3 un&nbsp;<strong>plazo de 10 d\u00edas para ofrecer las pruebas pero no las present\u00f3<\/strong>. Tras esta situaci\u00f3n, el director ejecutivo del hospital resolvi\u00f3 cesantearla.<\/p>\n\n\n\n<p>Finalmente, se public\u00f3 el&nbsp;<strong>decreto 2222<\/strong>&nbsp;en el bolet\u00edn oficial en el cual<strong>&nbsp;el Gobierno resolvi\u00f3 ratificar la cesant\u00eda.<\/strong><\/p>\n\n\n\n<p><a rel=\"noreferrer noopener\" href=\"https:\/\/www.facebook.com\/dialog\/feed?app_id=161316767303985&amp;link=https%3A%2F%2Fwww.diariouno.com.ar%2Fpolitica%2Fel-gobierno-detecto-que-el-45-las-cesantias-empleados-tiene-que-ver-faltas-injustificadas-n1315226&amp;name=El+Gobierno+detect%C3%B3+que+el+45%25+de+las+cesant%C3%ADas+a+empleados+tiene+que+ver+con+faltas+injustificadas&amp;caption=Gobierno&amp;description=El+informe+fue+elaborado+por+el+ministerio+de+Hacienda.+El+Gobierno+present%C3%B3+un+proyecto+para+incluir+la+inasistencia+injustificada+como+causal+de+cesant%C3%ADa&amp;redirect_uri=https%3A%2F%2Fwww.diariouno.com.ar%2Fpolitica%2Fel-gobierno-detecto-que-el-45-las-cesantias-empleados-tiene-que-ver-faltas-injustificadas-n1315226\" target=\"_blank\"><\/a><\/p>\n\n\n\n<p>FUENTE: Diariouno.com.ar <\/p>\n","protected":false},"excerpt":{"rendered":"<p>El informe fue elaborado por el ministerio de Hacienda. El Gobierno present\u00f3 un proyecto para incluir la\u00a0inasistencia injustificada\u00a0como causal de cesant\u00eda. El ministerio de Hacienda y Finanzas, que comanda V\u00edctor Fayad, revel\u00f3 que entre marzo de 2023 y 2024 hubo&nbsp;108 empleados p\u00fablicos cesanteados. El&nbsp;45,7%&nbsp;se debe a&nbsp;inasistencias injustificadas. Uno de los \u00faltimos precedentes es el caso [&hellip;]<\/p>\n","protected":false},"author":2,"featured_media":7488,"comment_status":"open","ping_status":"open","sticky":true,"template":"","format":"standard","meta":[],"categories":[47],"tags":[],"_links":{"self":[{"href":"https:\/\/pasaenmendoza.com\/index.php?rest_route=\/wp\/v2\/posts\/7487"}],"collection":[{"href":"https:\/\/pasaenmendoza.com\/index.php?rest_route=\/wp\/v2\/posts"}],"about":[{"href":"https:\/\/pasaenmendoza.com\/index.php?rest_route=\/wp\/v2\/types\/post"}],"author":[{"embeddable":true,"href":"https:\/\/pasaenmendoza.com\/index.php?rest_route=\/wp\/v2\/users\/2"}],"replies":[{"embeddable":true,"href":"https:\/\/pasaenmendoza.com\/index.php?rest_route=%2Fwp%2Fv2%2Fcomments&post=7487"}],"version-history":[{"count":1,"href":"https:\/\/pasaenmendoza.com\/index.php?rest_route=\/wp\/v2\/posts\/7487\/revisions"}],"predecessor-version":[{"id":7489,"href":"https:\/\/pasaenmendoza.com\/index.php?rest_route=\/wp\/v2\/posts\/7487\/revisions\/7489"}],"wp:featuredmedia":[{"embeddable":true,"href":"https:\/\/pasaenmendoza.com\/index.php?rest_route=\/wp\/v2\/media\/7488"}],"wp:attachment":[{"href":"https:\/\/pasaenmendoza.com\/index.php?rest_route=%2Fwp%2Fv2%2Fmedia&parent=7487"}],"wp:term":[{"taxonomy":"category","embeddable":true,"href":"https:\/\/pasaenmendoza.com\/index.php?rest_route=%2Fwp%2Fv2%2Fcategories&post=7487"},{"taxonomy":"post_tag","embeddable":true,"href":"https:\/\/pasaenmendoza.com\/index.php?rest_route=%2Fwp%2Fv2%2Ftags&post=7487"}],"curies":[{"name":"wp","href":"https:\/\/api.w.org\/{rel}","templated":true}]}}