{"id":7493,"date":"2024-05-13T23:30:28","date_gmt":"2024-05-13T21:30:28","guid":{"rendered":"https:\/\/pasaenmendoza.com\/?p=7493"},"modified":"2024-05-13T23:30:29","modified_gmt":"2024-05-13T21:30:29","slug":"la-cedula-azul-para-conducir-quedo-derogada-y-la-cedula-verde-ya-no-tiene-vencimiento","status":"publish","type":"post","link":"https:\/\/pasaenmendoza.com\/?p=7493","title":{"rendered":"La c\u00e9dula azul para conducir qued\u00f3 derogada y la c\u00e9dula verde ya no tiene vencimiento"},"content":{"rendered":"\n<p>Tras los anuncios que se realizaron la semana pasada,\u00a0<strong>el Gobierno oficializ\u00f3 la derogaci\u00f3n de la C\u00e9dula Azul para conducir un veh\u00edculo<\/strong>, por entender que ese instrumento &#8220;carece de sustento y aplicaci\u00f3n pr\u00e1cticos&#8221;, y tambi\u00e9n\u00a0<strong>estableci\u00f3 que la C\u00e9dula Verde no tendr\u00e1 fecha de vencimiento<\/strong>.<\/p>\n\n\n\n<p>La decisi\u00f3n, que hab\u00eda sido anticipada por el Ministerio de Justicia hace diez d\u00edas,&nbsp;<strong>se formaliz\u00f3 este lunes por medio de la Disposici\u00f3n 29\/2024 de la Direcci\u00f3n Nacional de los Registros Nacionales de la Propiedad del Automotor (DNRPA) publicada en el Bolet\u00edn Oficial.<\/strong><\/p>\n\n\n\n<p>Para el Poder Ejecutivo, la &#8220;C\u00e9dula de Identificaci\u00f3n para autorizado a conducir&#8221;, conocida como C\u00e9dula Azul, &#8220;constituy\u00f3 un instrumento por el cual el titular de un dominio puede habilitar a un tercero para circular con el veh\u00edculo&#8221;.<\/p>\n\n\n\n<p>Pero ahora, &#8220;establecido en el\u00a0<strong>Decreto de Necesidad y Urgencia 70\/2023N\u00b0 el no vencimiento de las C\u00e9dulas de Identificaci\u00f3n, la existencia de la C\u00e9dula de Identificaci\u00f3n para autorizado a conducir carecer\u00eda de sustento y aplicaci\u00f3n pr\u00e1cticos<\/strong>, raz\u00f3n por la cual deviene pertinente proceder a la derogaci\u00f3n&#8221;, seg\u00fan el texto oficial.<\/p>\n\n\n\n<h2 class=\"wp-block-heading\">El Registro no expedir\u00e1 la c\u00e9dula cuando mediare alguna de las siguientes causas:<\/h2>\n\n\n\n<ul>\n<li>Que el peticionario no fuere el titular registral o uno de ellos en caso de condominio, o no fuere uno de los adquirentes si la petici\u00f3n se formulare simult\u00e1neamente con la inscripci\u00f3n de la transferencia; o aun trat\u00e1ndose de un adquirente, si la transferencia no resultare efectivamente inscripta.<\/li>\n\n\n\n<li>Que se haya anotado una denuncia de robo o hurto y no se hubiere operado el recupero.<\/li>\n\n\n\n<li>Que se haya anotado una denuncia de venta y no se hubiere operado la inscripci\u00f3n de la transferencia a favor del adquirente, ni efectuado la notificaci\u00f3n.<\/li>\n\n\n\n<li>Que se haya anotado una orden judicial o de autoridad administrativa competente que proh\u00edba la circulaci\u00f3n del automotor o la expedici\u00f3n de c\u00e9dulas de identificaci\u00f3n.<\/li>\n\n\n\n<li>Que se haya dado de baja el motor y no se hubiere inscripto un alta posterior.<\/li>\n<\/ul>\n\n\n\n<h3 class=\"wp-block-heading\">Sobre la vigencia<\/h3>\n\n\n\n<p>Por otra parte, el Gobierno estableci\u00f3 que salvo en los casos en que expresamente se determine un plazo de vigencia espec\u00edfico,&nbsp;<strong>las C\u00e9dulas de Identificaci\u00f3n del Automotor y del Motoveh\u00edculo, ya sea en su formato digital o f\u00edsico, no caducar\u00e1n mientras no haya cambios en la titularidad del veh\u00edculo.<\/strong><\/p>\n\n\n\n<p>Tambi\u00e9n dispuso que cuando el titular registral sea una persona humana, la expedici\u00f3n de duplicado de C\u00e9dula de Identificaci\u00f3n del Automotor o sus adicionales&nbsp;<strong>podr\u00e1n ser peticionadas y expedidas en forma completamente electr\u00f3nica<\/strong>.<\/p>\n\n\n\n<p>Asimismo, los duplicados de c\u00e9dula se extender\u00e1n sin vencimiento, excepto cuando normas vigentes fijen un plazo determinado. En este caso, la fecha de vencimiento ser\u00e1 la oportunamente consignada en la C\u00e9dula original.<\/p>\n\n\n\n<p><strong>Las C\u00e9dulas Verdes emitidas con anterioridad a la vigencia de esta medida, que en su formato f\u00edsico contuvieren una fecha de vencimiento, &#8220;no tendr\u00e1n vencimiento&#8221;<\/strong>, aclar\u00f3 la DNRPA. Y a\u00f1adi\u00f3 que las c\u00e9dulas azules ya emitidas continuar\u00e1n vigentes hasta tanto sean revocadas por quien las peticion\u00f3.<\/p>\n\n\n\n<h3 class=\"wp-block-heading\">Otros anuncios:<\/h3>\n\n\n\n<ul>\n<li>Se elimin\u00f3 el C<strong>ertificado de Transferencia Automotor (CETA)<\/strong>&nbsp;que obligaba al ciudadano a reportar la venta de su veh\u00edculo a la AFIP.<\/li>\n\n\n\n<li>Los titulares de los registros seccionales se har\u00e1n cargo del 100% de sus costos operativos, adecuando su ingreso a la tarea efectivamente desempe\u00f1ada y su productividad. El Ministerio de Justicia&nbsp;<strong>podr\u00e1 controlar, en todo momento, la estructura de costos de los Encargados de Registros<\/strong>.<\/li>\n\n\n\n<li><strong>Se digitalizar\u00e1n la totalidad de los legajos de los veh\u00edculos<\/strong>, en todos sus tipos, para constituir un registro digital \u00fanico y completo, permitiendo la eliminaci\u00f3n de los legajos f\u00edsicos.<\/li>\n\n\n\n<li>Se propondr\u00e1 a las Provincias la&nbsp;<strong>adhesi\u00f3n al convenio de baja de impuestos de sellos y patentes provinciales<\/strong>, para reducir el costo de las operaciones registrales, que asciende hasta el 70% del costo total de una transferencia.<\/li>\n\n\n\n<li>Se implementar\u00e1 un&nbsp;<strong>R\u00e9gimen de Concursos transparentes para impedir la contrataci\u00f3n de personas que hayan tenido cargos pol\u00edticos durante los \u00faltimos 10 a\u00f1os<\/strong>, sus familiares y aquellas personas que no acrediten los requisitos de idoneidad y experiencia en la actividad privada para cumplir tal funci\u00f3n.<\/li>\n\n\n\n<li>Se auditar\u00e1 el sistema de&nbsp;<strong>fiscalizaci\u00f3n&nbsp;<\/strong>de los registros seccionales por la Subsecretar\u00eda de Asuntos Registrales.<\/li>\n\n\n\n<li>Se deroga el r\u00e9gimen que impone el monopolio de la&nbsp;<strong>Casa de la Moneda<\/strong>&nbsp;en la compra de insumos. Ello permitir\u00e1 la libre competencia de oferentes, lo que se traducir\u00e1 en una mejora de precios.<\/li>\n\n\n\n<li><strong>Se digitalizar\u00e1 la verificaci\u00f3n policial de veh\u00edculos<\/strong>, en una agenda conjunta con las autoridades provinciales y las fuerzas federales.<\/li>\n\n\n\n<li>Se aumentar\u00e1 significativamente el importe que obliga al ciudadano a informar al Estado el origen de los fondos para adquirir un veh\u00edculo.<\/li>\n<\/ul>\n\n\n\n<p><strong>Fuente: www.diariouno.com.ar<\/strong><\/p>\n","protected":false},"excerpt":{"rendered":"<p>Tras los anuncios que se realizaron la semana pasada,\u00a0el Gobierno oficializ\u00f3 la derogaci\u00f3n de la C\u00e9dula Azul para conducir un veh\u00edculo, por entender que ese instrumento &#8220;carece de sustento y aplicaci\u00f3n pr\u00e1cticos&#8221;, y tambi\u00e9n\u00a0estableci\u00f3 que la C\u00e9dula Verde no tendr\u00e1 fecha de vencimiento. La decisi\u00f3n, que hab\u00eda sido anticipada por el Ministerio de Justicia hace [&hellip;]<\/p>\n","protected":false},"author":2,"featured_media":7494,"comment_status":"open","ping_status":"open","sticky":false,"template":"","format":"standard","meta":[],"categories":[82],"tags":[],"_links":{"self":[{"href":"https:\/\/pasaenmendoza.com\/index.php?rest_route=\/wp\/v2\/posts\/7493"}],"collection":[{"href":"https:\/\/pasaenmendoza.com\/index.php?rest_route=\/wp\/v2\/posts"}],"about":[{"href":"https:\/\/pasaenmendoza.com\/index.php?rest_route=\/wp\/v2\/types\/post"}],"author":[{"embeddable":true,"href":"https:\/\/pasaenmendoza.com\/index.php?rest_route=\/wp\/v2\/users\/2"}],"replies":[{"embeddable":true,"href":"https:\/\/pasaenmendoza.com\/index.php?rest_route=%2Fwp%2Fv2%2Fcomments&post=7493"}],"version-history":[{"count":1,"href":"https:\/\/pasaenmendoza.com\/index.php?rest_route=\/wp\/v2\/posts\/7493\/revisions"}],"predecessor-version":[{"id":7495,"href":"https:\/\/pasaenmendoza.com\/index.php?rest_route=\/wp\/v2\/posts\/7493\/revisions\/7495"}],"wp:featuredmedia":[{"embeddable":true,"href":"https:\/\/pasaenmendoza.com\/index.php?rest_route=\/wp\/v2\/media\/7494"}],"wp:attachment":[{"href":"https:\/\/pasaenmendoza.com\/index.php?rest_route=%2Fwp%2Fv2%2Fmedia&parent=7493"}],"wp:term":[{"taxonomy":"category","embeddable":true,"href":"https:\/\/pasaenmendoza.com\/index.php?rest_route=%2Fwp%2Fv2%2Fcategories&post=7493"},{"taxonomy":"post_tag","embeddable":true,"href":"https:\/\/pasaenmendoza.com\/index.php?rest_route=%2Fwp%2Fv2%2Ftags&post=7493"}],"curies":[{"name":"wp","href":"https:\/\/api.w.org\/{rel}","templated":true}]}}