{"id":7496,"date":"2024-05-13T23:32:56","date_gmt":"2024-05-13T21:32:56","guid":{"rendered":"https:\/\/pasaenmendoza.com\/?p=7496"},"modified":"2024-05-13T23:42:58","modified_gmt":"2024-05-13T21:42:58","slug":"julio-cobos-advirtio-sobre-la-letra-chica-de-los-nuevos-creditos-uva-del-banco-nacion","status":"publish","type":"post","link":"https:\/\/pasaenmendoza.com\/?p=7496","title":{"rendered":"Julio Cobos advirti\u00f3 sobre la letra chica de los nuevos cr\u00e9ditos UVA del Banco Naci\u00f3n"},"content":{"rendered":"\n<p>El diputado nacional<strong>&nbsp;Julio Cobos<\/strong>&nbsp;advirti\u00f3 sobre la \u201cletra chica\u201d de los<strong>&nbsp;cr\u00e9ditos hipotecarios en UVA&nbsp;<\/strong>que otorga el Banco Naci\u00f3n.<\/p>\n\n\n\n<p>Seg\u00fan explic\u00f3 el radical, en los cr\u00e9ditos de este banco se ha tenido en cuenta la posibilidad de que los deudores paguen un seguro que se activa si la inflaci\u00f3n crece por encima del salario, esto para que no se dispare el valor de la cuota.<\/p>\n\n\n\n<p>Sin embargo,\u00a0<strong>Cobos alert\u00f3 a quienes quieran hacer uso de esta posibilidad<\/strong>, que<strong>\u00a0el capital del cr\u00e9dito s\u00ed se actualiza<\/strong>. Lo que permite el seguro es trasladar\u00a0<strong>la deuda que se genere\u00a0<\/strong>por la diferencia entre el crecimiento de la inflaci\u00f3n y el \u00edndice salarial. Se traslada al final del cr\u00e9dito, para lo que banco est\u00e1 dispuesto a dar otro cr\u00e9dito.<\/p>\n\n\n\n<p>As\u00ed<strong>&nbsp;la persona est\u00e1 sujeta a endeudarse nuevamente para pagar&nbsp;<\/strong>lo que le rest\u00f3 del pr\u00e9stamo hipotecario obtenido.<\/p>\n\n\n\n<h2 class=\"wp-block-heading\">La letra chica del relanzamiento de los UVA<\/h2>\n\n\n\n<p>Cobos manifest\u00f3 que actualmente los bancos han relanzado los cr\u00e9ditos UVA, que por mucho tiempo no se ofrecieron y a decir verdad, la gente no los pidi\u00f3 por la pol\u00e9mica que se gener\u00f3 con los deudores: al subir la inflaci\u00f3n, se increment\u00f3 tambi\u00e9n el capital y el cr\u00e9dito original creci\u00f3 exponencialmente.<\/p>\n\n\n\n<p>Con la experiencia de lo que ocurri\u00f3, el<strong>&nbsp;Banco Naci\u00f3n<\/strong>&nbsp;<strong>ofrece este beneficio del pago del seguro.<\/strong><\/p>\n\n\n\n<p>Sin embargo, Cobos advirti\u00f3 a quienes quieran tomar esa opci\u00f3n, que<strong>&nbsp;si bien la cuota del cr\u00e9dito se les va a actualizar de acuerdo al incremento del salario, la deuda no quedar\u00e1 saldada.<\/strong><\/p>\n\n\n\n<p><strong>\u201cNo se compensa el desfasaje con el pago del seguro,<\/strong>&nbsp;lo \u00fanico que ese seguro garantiza es trasladar las diferencias en capital e intereses actualizados al final del cr\u00e9dito\u201d, dijo y agreg\u00f3: \u201cSi la inflaci\u00f3n supera al incremento salarial, la cuota no sube en el momento, pero<strong>&nbsp;el cr\u00e9dito no se cancela por haber pagado el seguro\u201d<\/strong>.<\/p>\n\n\n\n<p>Lo que se\u00f1al\u00f3 Cobos es que esta &#8220;soluci\u00f3n&#8221; es moment\u00e1nea: patea el problema hacia adelante.<\/p>\n\n\n\n<p><strong>El cliente tiene que saber que va a tener que tomar una nueva deuda para pagar la anterior.<\/strong><\/p>\n\n\n\n<p><strong>\u201cQuiz\u00e1s haya gente que prefiere esto en lugar de alquilar, pero tiene que quedar claro el mecanismo\u201d,&nbsp;<\/strong>se\u00f1al\u00f3 el diputado y ex gobernador de Mendoza.<\/p>\n\n\n\n<h2 class=\"wp-block-heading\">Cr\u00e9ditos UVA: de soluci\u00f3n a problema en solo dos a\u00f1os<\/h2>\n\n\n\n<p>Los<strong>&nbsp;cr\u00e9ditos en UVA<\/strong>&nbsp;se lanzaron en el&nbsp;<strong>2016<\/strong>&nbsp;a baja tasa de inter\u00e9s anual, sin embargo, el capital se actualizaba en base al porcentaje de la inflaci\u00f3n.<\/p>\n\n\n\n<p>Esto, seg\u00fan explic\u00f3 el diputado radical, se pudo sobrellevar hasta el 2018, puesto que los sueldos y la inflaci\u00f3n crec\u00edan pr\u00e1cticamente a la par. Es por ello que durante ese a\u00f1o se produjo el pico de toma de cr\u00e9ditos UVA.<\/p>\n\n\n\n<p>Sin embargo, de a poco la inflaci\u00f3n fue superando el incremento de los sueldos y la deuda de quienes hab\u00edan tomado pr\u00e9stamos hipotecarios UVA se volvi\u00f3 cada vez m\u00e1s dif\u00edcil de pagar. Al punto que muchas personas dejaron de hacerlo y pusieron en peligro sus viviendas, mientras otros no pudieron terminarlas.<\/p>\n\n\n\n<p>Cobos explic\u00f3 que actualmente hay&nbsp;<strong>95.000 hipotecados en UVA que necesitan una soluci\u00f3n.<\/strong><\/p>\n\n\n\n<p>\u201cEstamos pidiendo una soluci\u00f3n para esta gente, presentamos un proyecto que obtuvo media sanci\u00f3n en Diputados, pero luego qued\u00f3 en el Senado y no sali\u00f3 de all\u00ed\u201d, manifest\u00f3 Cobos.<\/p>\n\n\n\n<p>La soluci\u00f3n que se plantea en el proyecto de Cobos, ten\u00eda que ver con que se creara un fondo para compensar el desfasaje entre el salario y la inflaci\u00f3n y fuera el sistema financiero quien lo absorbiera. Esto sin dejar de lado la posibilidad de que los usuarios pagaran un seguro.<\/p>\n\n\n\n<p><strong>Fuente: www.diariouno.com.ar<\/strong><\/p>\n","protected":false},"excerpt":{"rendered":"<p>El diputado nacional&nbsp;Julio Cobos&nbsp;advirti\u00f3 sobre la \u201cletra chica\u201d de los&nbsp;cr\u00e9ditos hipotecarios en UVA&nbsp;que otorga el Banco Naci\u00f3n. Seg\u00fan explic\u00f3 el radical, en los cr\u00e9ditos de este banco se ha tenido en cuenta la posibilidad de que los deudores paguen un seguro que se activa si la inflaci\u00f3n crece por encima del salario, esto para que [&hellip;]<\/p>\n","protected":false},"author":2,"featured_media":7497,"comment_status":"open","ping_status":"open","sticky":false,"template":"","format":"standard","meta":[],"categories":[69],"tags":[],"_links":{"self":[{"href":"https:\/\/pasaenmendoza.com\/index.php?rest_route=\/wp\/v2\/posts\/7496"}],"collection":[{"href":"https:\/\/pasaenmendoza.com\/index.php?rest_route=\/wp\/v2\/posts"}],"about":[{"href":"https:\/\/pasaenmendoza.com\/index.php?rest_route=\/wp\/v2\/types\/post"}],"author":[{"embeddable":true,"href":"https:\/\/pasaenmendoza.com\/index.php?rest_route=\/wp\/v2\/users\/2"}],"replies":[{"embeddable":true,"href":"https:\/\/pasaenmendoza.com\/index.php?rest_route=%2Fwp%2Fv2%2Fcomments&post=7496"}],"version-history":[{"count":2,"href":"https:\/\/pasaenmendoza.com\/index.php?rest_route=\/wp\/v2\/posts\/7496\/revisions"}],"predecessor-version":[{"id":7500,"href":"https:\/\/pasaenmendoza.com\/index.php?rest_route=\/wp\/v2\/posts\/7496\/revisions\/7500"}],"wp:featuredmedia":[{"embeddable":true,"href":"https:\/\/pasaenmendoza.com\/index.php?rest_route=\/wp\/v2\/media\/7497"}],"wp:attachment":[{"href":"https:\/\/pasaenmendoza.com\/index.php?rest_route=%2Fwp%2Fv2%2Fmedia&parent=7496"}],"wp:term":[{"taxonomy":"category","embeddable":true,"href":"https:\/\/pasaenmendoza.com\/index.php?rest_route=%2Fwp%2Fv2%2Fcategories&post=7496"},{"taxonomy":"post_tag","embeddable":true,"href":"https:\/\/pasaenmendoza.com\/index.php?rest_route=%2Fwp%2Fv2%2Ftags&post=7496"}],"curies":[{"name":"wp","href":"https:\/\/api.w.org\/{rel}","templated":true}]}}