{"id":7501,"date":"2024-05-13T23:52:31","date_gmt":"2024-05-13T21:52:31","guid":{"rendered":"https:\/\/pasaenmendoza.com\/?p=7501"},"modified":"2024-05-13T23:52:32","modified_gmt":"2024-05-13T21:52:32","slug":"alfredo-cornejo-inauguro-en-san-martin-las-primeras-salas-de-jardin-para-ninos-de-3-anos","status":"publish","type":"post","link":"https:\/\/pasaenmendoza.com\/?p=7501","title":{"rendered":"Alfredo Cornejo inaugur\u00f3 en San Mart\u00edn las primeras salas de jard\u00edn para ni\u00f1os de 3 a\u00f1os"},"content":{"rendered":"\n<p>El gobernador<strong>\u00a0Alfredo Cornejo<\/strong>, acompa\u00f1ado por ministro Educaci\u00f3n, Cultura, Infancias y DGE,\u00a0<strong>Tadeo Garc\u00eda Zalazar,\u00a0<\/strong>y el intendente de San Mart\u00edn,\u00a0<strong>Ra\u00fal Rufeil,<\/strong>\u00a0puso en funcionamiento\u00a0las primeras salas para 3 a\u00f1os\u00a0del Escolar Jard\u00edn de Infantes Exclusivo N\u00b0 0-075. Esto hab\u00eda sido anunciado por el mandatario en su discurso del 1 de mayo en la Legislatura.<\/p>\n\n\n\n<p>As\u00ed se comenz\u00f3 a ampliar el servicio educativo en Nivel Inicial con el ingreso de 780 ni\u00f1os de 3 a\u00f1os a las 63 salas distribuidas en 14 departamentos de la provincia.<\/p>\n\n\n\n<p>Luego del recorrido por el edificio, Cornejo se\u00f1al\u00f3 que este es uno de los logros de los \u00faltimos cinco meses. Para el gobernador, la apertura de escuelas, incluyendo 63 jardines de tres a\u00f1os en toda la provincia<strong>\u00a0\u201cno es un tema menor, puesto que hay muchas provincias que todav\u00eda est\u00e1n con paros, con dificultades para el funcionamiento pleno, y nosotros no, hemos estado funcionando\u201d.<\/strong><\/p>\n\n\n\n<h2 class=\"wp-block-heading\"><strong>Cornejo se refiri\u00f3 a la igualdad de oportunidades<\/strong><\/h2>\n\n\n\n<p>Cornejo se\u00f1al\u00f3 que &#8220;la puesta en funciones de estas salas se da en un contexto macroecon\u00f3mico dif\u00edcil, pero con una buena gesti\u00f3n provincial que permite ofrecer un nuevo servicio de contenci\u00f3n para la primera infancia&#8221;.<\/p>\n\n\n\n<p>Tambi\u00e9n se\u00f1al\u00f3 que la intenci\u00f3n del Gobierno es promover v\u00ednculos con las familias y la comunidad, a trav\u00e9s de espacios de participaci\u00f3n activa y la construcci\u00f3n de proyectos educativos que garanticen la inclusi\u00f3n de la primera infancia.<\/p>\n\n\n\n<p>El titular del Ejecutivo destac\u00f3 que la apertura de estas salas es importante para el desarrollo cognitivo de los ni\u00f1os y para brindarles igualdad de oportunidades desde una temprana edad. Afirm\u00f3 que\u00a0<strong>\u201campliar este servicio educativo ayuda a la socializaci\u00f3n y integraci\u00f3n de los ni\u00f1os en la sociedad en el futuro\u201d.<\/strong><\/p>\n\n\n\n<h2 class=\"wp-block-heading\"><strong>Un edificio confortable, con espacios m\u00e1s amplios<\/strong><\/h2>\n\n\n\n<p>Esta intervenci\u00f3n abarca la construcci\u00f3n de 460 metros cuadrados, que incluyen tres salas de nivel inicial, cada una con sus respectivos grupos sanitarios y patios de juegos y de formaci\u00f3n, SUM, cocina y \u00e1rea administrativa y de gobierno.<\/p>\n\n\n\n<p>El proyecto de este jard\u00edn fue dise\u00f1ado con galer\u00edas cerradas, que sirven de espacios recreativos para los alumnos, adem\u00e1s de los patios. Adem\u00e1s, cuenta con muros de estructura liviana, sismorresistentes, con aislaci\u00f3n termoac\u00fastica, una base de hormig\u00f3n, carpinter\u00eda en puertas y ventanas, y conexiones cloacales, de energ\u00eda el\u00e9ctrica y agua, entre otras prestaciones.<\/p>\n\n\n\n<p><strong>\u201cLa apertura de la sala de 3 es un gran logro para nuestra instituci\u00f3n. Es un jard\u00edn que tiene todas las comodidades\u201d,\u00a0<\/strong>dijo Liliana Abraham, directora del establecimiento y sostuvo que \u201cla salita de tres es imprescindible ya que se van a reforzar los h\u00e1bitos, tambi\u00e9n el desarrollo motor, la expresi\u00f3n oral y sobre todo la parte social de los chicos.<strong>\u00a0Ya tenemos una matr\u00edcula de 15 en esa sala y la adaptaci\u00f3n ha sido muy buena\u201d.<\/strong><\/p>\n\n\n\n<h2 class=\"wp-block-heading\"><strong>Calefacci\u00f3n en las escuelas<\/strong><\/h2>\n\n\n\n<p>En otro momento del recorrido por San Mart\u00edn junto al Gobernador, el ministro Garc\u00eda Zalazar inform\u00f3 que \u201chemos hecho una licitaci\u00f3n de m\u00e1s de 240 millones de pesos y ya est\u00e1 adjudicada\u201d al referirse a la calefacci\u00f3n de las escuelas en vistas a la inminente temporada invernal. Las obras consisten en el recambio de artefactos o transformaci\u00f3n del sistema.<\/p>\n\n\n\n<p>Al mismo tiempo, dijo el ministro, \u201clas directoras de las escuelas han recibido el fondo que se denomina&nbsp;<em>de invierno<\/em>, para reparaciones menores de estufas y de sistemas de calefacci\u00f3n\u201d.<\/p>\n\n\n\n<p>Acto seguido, coment\u00f3 que existen numerosas escuelas de la provincia en las que se est\u00e1n transformando los edificios.&nbsp;<strong>\u201cDonde hab\u00eda sepelin, lo estamos pasando a la red natural de gas y en este momento hay 89 escuelas que est\u00e1n en ese programa que ha sido adjudicado esta semana. Por lo tanto, se est\u00e1 trabajando y las escuelas ya tienen los fondos disponibles\u201d,&nbsp;<\/strong>afirm\u00f3 Garc\u00eda Zalazar.<\/p>\n\n\n\n<h2 class=\"wp-block-heading\"><strong>Escuela de oficios<\/strong><\/h2>\n\n\n\n<p>Posteriormente al acto del jard\u00edn, Cornejo, Garc\u00eda Zalazar y el intendente Rufeil se dirigieron a la Escuela Superior de Oficios que se inaugurar\u00e1 aproximadamente en la segunda quincena de julio.<\/p>\n\n\n\n<p>\u201cSe ofrecer\u00e1n cursos acreditados por la DGE y la Universidad Nacional de Cuyo, con la posibilidad de obtener cr\u00e9ditos para continuar estudios superiores\u201d, explic\u00f3 el jefe departamental y coment\u00f3 que \u201caunque faltan algunos detalles, se espera que los talleres est\u00e9n disponibles para su uso\u201d.<\/p>\n\n\n\n<p><strong>Fuente: www.diariouno.com.ar<\/strong><\/p>\n\n\n\n<p><\/p>\n","protected":false},"excerpt":{"rendered":"<p>El gobernador\u00a0Alfredo Cornejo, acompa\u00f1ado por ministro Educaci\u00f3n, Cultura, Infancias y DGE,\u00a0Tadeo Garc\u00eda Zalazar,\u00a0y el intendente de San Mart\u00edn,\u00a0Ra\u00fal Rufeil,\u00a0puso en funcionamiento\u00a0las primeras salas para 3 a\u00f1os\u00a0del Escolar Jard\u00edn de Infantes Exclusivo N\u00b0 0-075. Esto hab\u00eda sido anunciado por el mandatario en su discurso del 1 de mayo en la Legislatura. As\u00ed se comenz\u00f3 a ampliar [&hellip;]<\/p>\n","protected":false},"author":2,"featured_media":7503,"comment_status":"open","ping_status":"open","sticky":false,"template":"","format":"standard","meta":[],"categories":[56],"tags":[],"_links":{"self":[{"href":"https:\/\/pasaenmendoza.com\/index.php?rest_route=\/wp\/v2\/posts\/7501"}],"collection":[{"href":"https:\/\/pasaenmendoza.com\/index.php?rest_route=\/wp\/v2\/posts"}],"about":[{"href":"https:\/\/pasaenmendoza.com\/index.php?rest_route=\/wp\/v2\/types\/post"}],"author":[{"embeddable":true,"href":"https:\/\/pasaenmendoza.com\/index.php?rest_route=\/wp\/v2\/users\/2"}],"replies":[{"embeddable":true,"href":"https:\/\/pasaenmendoza.com\/index.php?rest_route=%2Fwp%2Fv2%2Fcomments&post=7501"}],"version-history":[{"count":1,"href":"https:\/\/pasaenmendoza.com\/index.php?rest_route=\/wp\/v2\/posts\/7501\/revisions"}],"predecessor-version":[{"id":7504,"href":"https:\/\/pasaenmendoza.com\/index.php?rest_route=\/wp\/v2\/posts\/7501\/revisions\/7504"}],"wp:featuredmedia":[{"embeddable":true,"href":"https:\/\/pasaenmendoza.com\/index.php?rest_route=\/wp\/v2\/media\/7503"}],"wp:attachment":[{"href":"https:\/\/pasaenmendoza.com\/index.php?rest_route=%2Fwp%2Fv2%2Fmedia&parent=7501"}],"wp:term":[{"taxonomy":"category","embeddable":true,"href":"https:\/\/pasaenmendoza.com\/index.php?rest_route=%2Fwp%2Fv2%2Fcategories&post=7501"},{"taxonomy":"post_tag","embeddable":true,"href":"https:\/\/pasaenmendoza.com\/index.php?rest_route=%2Fwp%2Fv2%2Ftags&post=7501"}],"curies":[{"name":"wp","href":"https:\/\/api.w.org\/{rel}","templated":true}]}}