{"id":7505,"date":"2024-05-14T14:57:01","date_gmt":"2024-05-14T12:57:01","guid":{"rendered":"https:\/\/pasaenmendoza.com\/?p=7505"},"modified":"2024-05-14T14:57:03","modified_gmt":"2024-05-14T12:57:03","slug":"bicameral-de-seguridad-esta-semana-ponen-fecha-para-que-empiece-a-trabajar","status":"publish","type":"post","link":"https:\/\/pasaenmendoza.com\/?p=7505","title":{"rendered":"Bicameral de Seguridad: esta semana ponen fecha para que empiece a trabajar"},"content":{"rendered":"\n<p>Despu\u00e9s de un a\u00f1o sin funcionar, el mes pasado se conform\u00f3 y prometieron empezar a reunirse tras la Asamblea Legislativa. Problemas con los nombres de la oposici\u00f3n demoran el primer encuentro.<\/p>\n\n\n\n<p>La resistida comisi\u00f3n<strong>\u00a0Bicameral de Seguridad<\/strong>\u00a0est\u00e1 cada vez m\u00e1s cerca de empezar a funcionar. Esta semana, probablemente el jueves, los legisladores pongan la fecha de la primera reuni\u00f3n -que se espera- sea para los pr\u00f3ximos d\u00edas. Sin embargo, todo est\u00e1 supeditado a que la oposici\u00f3n se ponga de acuerdo con los nombres de los miembros.<\/p>\n\n\n\n<p>\u201cEspero que la oposici\u00f3n pueda resolver sus diferencias y la pondremos en funcionamiento. Tal vez el jueves, si traen ordenados los nombres\u201d, dijo el presidente de la c\u00e1mara baja, Andr\u00e9s Lombardi.\u00a0<\/p>\n\n\n\n<p>En el mismo sentido, se expresaron el diputado provincial del PRO&nbsp;Enrique Thomas y su par peronista, Germ\u00e1n G\u00f3mez. La idea es reunirse esta semana, poner los nombres de los miembros de la&nbsp;<strong>Bicameral de Seguridad&nbsp;<\/strong>sobre la mesa y fijar el inicio de las actividades. Est\u00e1 la posibilidad de reunirse el mi\u00e9rcoles pero es el d\u00eda que sesiona Diputados, por eso lo m\u00e1s probable es que el jueves se resuelva la fecha de la primera reuni\u00f3n.&nbsp;<\/p>\n\n\n\n<h2 class=\"wp-block-heading\">Muchos bloques, mucho ruido<\/h2>\n\n\n\n<p>La ley 6721 establece que la<strong>\u00a0Bicameral de Seguridad\u00a0<\/strong>debe estar integrada por un senador y un diputado de cada bloque pol\u00edtico de la\u00a0<strong>Legislatura<\/strong>. Adem\u00e1s, indica que la presidencia de la comisi\u00f3n corresponde a un legislador de la oposici\u00f3n.\u00a0<\/p>\n\n\n\n<p>En 1999, cuando se sancion\u00f3 la ley hab\u00eda solo tres bloques: radical, peronista y dem\u00f3crata. Ahora la realidad es muy distinta, hay cuatro bloques en el Senado y doce en Diputados. Ante este escenario, los legisladores acordaron una conformaci\u00f3n especial respetando los interbloques. De la c\u00e1mara alta acordaron nombrar a dos senadores de Cambia Mendoza, dos peronistas y tres de La Uni\u00f3n Mendocina. En diputados tambi\u00e9n fueron siete: dos CM, dos PJ, dos LAUM y sumaron a uno del Partido Verde.\u00a0<\/p>\n\n\n\n<p>El 18 de abril se conocieron los nombres de los miembros y el compromiso fue empezar a reunirse despu\u00e9s de la apertura de sesiones ordinarias del 1 de mayo. Pero lo planificado nunca ocurri\u00f3.\u00a0Jos\u00e9 Luis Ram\u00f3n que hab\u00eda sido propuesto por el interbloque del PJ decidi\u00f3 tener representaci\u00f3n propia\u00a0y un camino similar tom\u00f3 Gustavo Cairo con LAUM y su nuevo monobloque de La Libertad Avanza.<\/p>\n\n\n\n<p>El tema ahora viene por esos dos lugares. Ram\u00f3n y Cairo quieren seguir ocupando los lugares pero como bloques unipersonales con decisi\u00f3n propia. Pero el PJ y LAUM quieren que en esos espacios vayan los nombres de los suplentes.<\/p>\n\n\n\n<p>\u201cDesde el interbloque del PJ ya pasamos otro nombre para que reemplace a Jos\u00e9 Luis Ram\u00f3n porque \u00e9l present\u00f3 una nota para funcionar por fuera del interbloque\u201d, explic\u00f3 la senadora Adriana Cano.\u00a0<\/p>\n\n\n\n<p>Por su parte, Ram\u00f3n asegura que con el PJ solo hizo un acuerdo electoral en 2021 y que \u00e9l tiene su propio partido que no responde a nadie m\u00e1s. \u201cNo quiero que nadie hable por m\u00ed. Yo soy el presidente del partido pol\u00edtico de Protectora. Armamos el partido en 2017 y ocupo una banca por mi partido\u201d, explic\u00f3 el diputado provincial.&nbsp;<\/p>\n\n\n\n<p>\u201cTenemos representaci\u00f3n parlamentaria propia, nunca he sido del PJ. La verdad los radicales no quieren conformar la&nbsp;<strong>Bicameral de Seguridad&nbsp;<\/strong>y quieren echarme la culpa porque hay un problema gigante con la seguridad en Mendoza y no quieren que se sepa\u201d, agreg\u00f3 Ram\u00f3n que fue aliado del peronismo mientras estuvo en el Congreso.&nbsp;&nbsp;<\/p>\n\n\n\n<h2 class=\"wp-block-heading\">El oficialismo no tiene mayor\u00eda en la Bicameral de Seguridad<\/h2>\n\n\n\n<p>En la\u00a0<strong>Bicameral de Seguridad\u00a0<\/strong>las posibilidades de negociaci\u00f3n del oficialismo se cortan considerablemente porque es minor\u00eda. Con la actual conformaci\u00f3n de la\u00a0<strong>Legislatura<\/strong>, Cambia Mendoza queda muy por detr\u00e1s en n\u00famero de miembros con respeto a las fuerzas pol\u00edticas opositoras.\u00a0<\/p>\n\n\n\n<p>Si la cantidad de miembros de la comisi\u00f3n queda en 14, solo cuatro son de Cambia Mendoza y responden al Ejecutivo. Por lo tanto, todos los pedidos de informes y de rendici\u00f3n de cuentas de funcionarios alcanzar\u00e1n los votos sin problemas.&nbsp;<\/p>\n\n\n\n<h2 class=\"wp-block-heading\">La cita segura con la Ministra de Seguridad<\/h2>\n\n\n\n<p>\u201cEsta mesa, que est\u00e1 enriquecida por diferentes ideolog\u00edas pol\u00edticas, es una oportunidad para trabajar y acompa\u00f1ar con una mirada propositiva\u201d, estas fueron las palabras de la actual ministra de Seguridad, Mercedes Rus en julio de 2022 cuando la\u00a0<strong>Bicameral de Seguridad<\/strong>\u00a0design\u00f3 autoridades. Es que la funcionaria del gobernador Alfredo Cornejo integr\u00f3 la comisi\u00f3n entre 2019 y 2022 durante su mandato como senadora provincial.\u00a0<\/p>\n\n\n\n<p>Si la<strong>&nbsp;Bicameral de Seguridad&nbsp;<\/strong>comienza a funcionar, Mercedes Rus volver\u00e1 a la comisi\u00f3n pero se sentar\u00e1 del otro lado del mostrador, para rendir cuentas y contestar preguntas de la oposici\u00f3n sobre el manejo de la fuerzas de seguridad, los planes y los resultados en el tema.&nbsp;<\/p>\n\n\n\n<p>En<strong>\u00a0marzo de 2023, el por entonces ministro de Seguridad, Ra\u00fal Levrino<\/strong>\u00a0se present\u00f3 a la\u00a0<strong>Bicameral de Seguridad<\/strong>\u00a0y dio un informe completo sobre la situaci\u00f3n de la Polic\u00eda de Mendoza, la distribuci\u00f3n de efectivos en la provincia, las tasas de delitos y las l\u00edneas de trabajo.\u00a0<\/p>\n\n\n\n<p>FUENTE: MDZonline.<\/p>\n","protected":false},"excerpt":{"rendered":"<p>Despu\u00e9s de un a\u00f1o sin funcionar, el mes pasado se conform\u00f3 y prometieron empezar a reunirse tras la Asamblea Legislativa. Problemas con los nombres de la oposici\u00f3n demoran el primer encuentro. La resistida comisi\u00f3n\u00a0Bicameral de Seguridad\u00a0est\u00e1 cada vez m\u00e1s cerca de empezar a funcionar. Esta semana, probablemente el jueves, los legisladores pongan la fecha de [&hellip;]<\/p>\n","protected":false},"author":2,"featured_media":7507,"comment_status":"open","ping_status":"open","sticky":true,"template":"","format":"standard","meta":[],"categories":[47],"tags":[],"_links":{"self":[{"href":"https:\/\/pasaenmendoza.com\/index.php?rest_route=\/wp\/v2\/posts\/7505"}],"collection":[{"href":"https:\/\/pasaenmendoza.com\/index.php?rest_route=\/wp\/v2\/posts"}],"about":[{"href":"https:\/\/pasaenmendoza.com\/index.php?rest_route=\/wp\/v2\/types\/post"}],"author":[{"embeddable":true,"href":"https:\/\/pasaenmendoza.com\/index.php?rest_route=\/wp\/v2\/users\/2"}],"replies":[{"embeddable":true,"href":"https:\/\/pasaenmendoza.com\/index.php?rest_route=%2Fwp%2Fv2%2Fcomments&post=7505"}],"version-history":[{"count":1,"href":"https:\/\/pasaenmendoza.com\/index.php?rest_route=\/wp\/v2\/posts\/7505\/revisions"}],"predecessor-version":[{"id":7508,"href":"https:\/\/pasaenmendoza.com\/index.php?rest_route=\/wp\/v2\/posts\/7505\/revisions\/7508"}],"wp:featuredmedia":[{"embeddable":true,"href":"https:\/\/pasaenmendoza.com\/index.php?rest_route=\/wp\/v2\/media\/7507"}],"wp:attachment":[{"href":"https:\/\/pasaenmendoza.com\/index.php?rest_route=%2Fwp%2Fv2%2Fmedia&parent=7505"}],"wp:term":[{"taxonomy":"category","embeddable":true,"href":"https:\/\/pasaenmendoza.com\/index.php?rest_route=%2Fwp%2Fv2%2Fcategories&post=7505"},{"taxonomy":"post_tag","embeddable":true,"href":"https:\/\/pasaenmendoza.com\/index.php?rest_route=%2Fwp%2Fv2%2Ftags&post=7505"}],"curies":[{"name":"wp","href":"https:\/\/api.w.org\/{rel}","templated":true}]}}