{"id":7509,"date":"2024-05-14T15:03:13","date_gmt":"2024-05-14T13:03:13","guid":{"rendered":"https:\/\/pasaenmendoza.com\/?p=7509"},"modified":"2024-05-14T15:03:15","modified_gmt":"2024-05-14T13:03:15","slug":"nuevo-round-por-el-sello-de-la-libertad-avanza-en-mendoza","status":"publish","type":"post","link":"https:\/\/pasaenmendoza.com\/?p=7509","title":{"rendered":"Nuevo round por el sello de La Libertad Avanza en Mendoza"},"content":{"rendered":"\n<p>La diputada nacional Lourdes Arrieta se presentar\u00e1 en una audiencia judicial para defender su pedido de quedarse con el nombre del partido en la provincia. Qui\u00e9n es su competidor.<\/p>\n\n\n\n<p>La batalla judicial por ver qui\u00e9n se queda con el sello de La Libertad Avanza en Mendoza sigue sumando nuevos cap\u00edtulos. El pasado jueves se present\u00f3 en la Justicia Electoral&nbsp;<strong>Alejandro Barraza<\/strong>, uno de los interesados en la puja por el nombre del partido liderado a nivel nacional por el presidente Javier Milei; y este martes ser\u00e1 el turno de la diputada nacional&nbsp;<strong>Lourdes Arrieta<\/strong>, quien har\u00e1 su defensa en una audiencia acompa\u00f1ada por su abogado Aldo Vinci.<\/p>\n\n\n\n<p>A las 11 de la ma\u00f1ana, en el cuarto piso del edificio del Correo Argentino, donde funcionan las oficinas de la&nbsp;<strong>C\u00e1mara Nacional Electoral<\/strong>, el juez electoral subrogante&nbsp;<strong>Pablo Quir\u00f3s<\/strong>&nbsp;recibir\u00e1 a la legisladora nacional. La audiencia ser\u00e1 para que Arrieta conozca las objeciones y haga su defensa frente a su pedido de quedarse con el nombre de LLA en Mendoza.<\/p>\n\n\n\n<p>Luego de su salida del\u00a0<strong>Partido Libertario\u00a0<\/strong>y tras conseguir el apoyo tanto de\u00a0<strong>Karina Milei\u00a0<\/strong>como del presidente de la C\u00e1mara de Diputados de la Naci\u00f3n,\u00a0<strong>Mart\u00edn Menem<\/strong>, la comunicadora social present\u00f3 en la Justicia Electoral la solicitud para conformar a LLA como partido de distrito en la provincia.<\/p>\n\n\n\n<p>Pero a la legisladora nacional se le present\u00f3 una inesperada competencia como es la del abogado y exmilitante del&nbsp;<strong>Partido Dem\u00f3crata<\/strong>, Alejandro Barraza. &nbsp;<\/p>\n\n\n\n<p>El armado de La Libertad Avanza como partido pol\u00edtico no es para nada casual ya que es una clara decisi\u00f3n tanto de&nbsp;<strong>Javier Milei<\/strong>&nbsp;como de su mesa chica en lo que es la conformaci\u00f3n de una estructura partidaria propia de cara a las elecciones legislativas de 2025. Para lograr constituirse como una fuerza a nivel nacional, LLA debe tener personer\u00eda jur\u00eddica en cinco provincias. En la actualidad s\u00f3lo existe como tal en La Rioja.<\/p>\n\n\n\n<h2 class=\"wp-block-heading\" id=\"h-la-pelea-en-mendoza\">La pelea en Mendoza<\/h2>\n\n\n\n<p>Las audiencias pactadas por\u00a0<strong>C\u00e1mara Nacional Electoral<\/strong>\u00a0en la provincia es una instancia en la que los interesados en crear un partido pol\u00edtico deben presentarse para responder a las objeciones o no del resto de las fuerzas. En esta oportunidad, La Libertad Avanza cuenta con dos expedientes, pero hay que sumarle una tercera objeci\u00f3n.<\/p>\n\n\n\n<p>El pasado jueves, Alejandro Barraza respondi\u00f3 a tres objeciones en su intento de quedarse como titular del sello mile\u00edsta. La primera fue del sector de Arrieta, la segunda fue por parte de La Libertad Avanza, distrito La Rioja.&nbsp; Por \u00faltimo, se encuentra la oposici\u00f3n de&nbsp;<strong>Carina Mariel Ivascov<\/strong>, con domicilio en Entre R\u00edos, quien aduce ser la due\u00f1a de la marca.<\/p>\n\n\n\n<p>\u201c<em>Nos fue muy bien t\u00e9rmino jur\u00eddicos porque tenemos una postura muy s\u00f3lida con los expedientes. Contestamos con contundencia los argumentos de cada oposici\u00f3n. Ahora, el juez lo que ha hecho es darle vista al Ministerio Fiscal para que dictamine y una vez que termine despu\u00e9s vuelve el expediente al juez para que resuelva bien<\/em>\u201d, expres\u00f3 Barraza.<\/p>\n\n\n\n<p>Respecto a la objeci\u00f3n por parte de la LLA de La Rioja, el docente de Derecho de la Universidad de Mendoza la tild\u00f3 como \u201c<em>bastante rid\u00edcula<\/em>\u201d ya que a nivel jur\u00eddico consider\u00f3 que \u201c<em>dicen que ellos ya tienen el nombre en La Rioja y por eso pueden confundir al electorado. Pero no tiene sentido porque no pueden competir electoralmente en Mendoza. Son dos cosas totalmente diferentes<\/em>\u201d.<\/p>\n\n\n\n<p><strong>Arrieta present\u00f3 dos objeciones en contra de Barraza.\u00a0<\/strong>Una, de tinte m\u00e1s jur\u00eddico, apunta que su sector fue el primero en solicitar la conformaci\u00f3n del partido en la provincia. El segundo, con un tono m\u00e1s pol\u00edtico, afirman tener el apoyo de\u00a0<strong>Mart\u00edn Menem y de Karina Milei.<\/strong><\/p>\n\n\n\n<p>\u201c<em>Respecto al primer argumento, si nosotros no hubi\u00e9ramos sido los primeros, entonces no nos hubieran convocado primeros a la audiencia. Nosotros llegamos primero a la presentaci\u00f3n de los requisitos que pide la Justicia Electoral. En cuanto a lo pol\u00edtico, por ahora tienen el respaldo de Mart\u00edn Menem<\/em>\u201d, expres\u00f3 quien fuera presidente de la Juventud del PD a finales de los 90.<\/p>\n\n\n\n<p>Una objeci\u00f3n que compartieron tanto los libertarios riojanos como Arrieta, es que ambos est\u00e1n a punto de constituirse como un partido nacional como LLA. Barraza le remarc\u00f3 a la Justicia Electoral que \u201c<em>el derecho no protege las expectativas futuras e inciertas. El derecho no puede tutelar por las dudas<\/em>\u201d.<\/p>\n\n\n\n<p>Por \u00faltimo, el abogado se mostr\u00f3 confiado ya que asegura haber cumplido con todos los requisitos que pide la Justicia Electoral para llegar a la instancia de la audiencia. Adem\u00e1s, revel\u00f3 que har\u00e1 en caso de que el juez Quir\u00f3s falle en su contra.<\/p>\n\n\n\n<p>\u201c<em>Nosotros vamos a esperar \u00a0el fallo de la Justicia para ver si los fundamentos son s\u00f3lidos. En caso de que no sea as\u00ed, vamos a apelar. Si el proceso termina en buenos t\u00e9rminos y nos convoca el sector de Arrieta no tendr\u00edamos problemas pero lo analizaremos. Nosotros queremos ser parte de este cambio que nos propone el presidente de manera org\u00e1nica<\/em>\u201d, finaliz\u00f3.<\/p>\n\n\n\n<p>FUENTE: Elsol.com.ar <\/p>\n","protected":false},"excerpt":{"rendered":"<p>La diputada nacional Lourdes Arrieta se presentar\u00e1 en una audiencia judicial para defender su pedido de quedarse con el nombre del partido en la provincia. Qui\u00e9n es su competidor. La batalla judicial por ver qui\u00e9n se queda con el sello de La Libertad Avanza en Mendoza sigue sumando nuevos cap\u00edtulos. El pasado jueves se present\u00f3 [&hellip;]<\/p>\n","protected":false},"author":2,"featured_media":7513,"comment_status":"open","ping_status":"open","sticky":true,"template":"","format":"standard","meta":[],"categories":[47],"tags":[],"_links":{"self":[{"href":"https:\/\/pasaenmendoza.com\/index.php?rest_route=\/wp\/v2\/posts\/7509"}],"collection":[{"href":"https:\/\/pasaenmendoza.com\/index.php?rest_route=\/wp\/v2\/posts"}],"about":[{"href":"https:\/\/pasaenmendoza.com\/index.php?rest_route=\/wp\/v2\/types\/post"}],"author":[{"embeddable":true,"href":"https:\/\/pasaenmendoza.com\/index.php?rest_route=\/wp\/v2\/users\/2"}],"replies":[{"embeddable":true,"href":"https:\/\/pasaenmendoza.com\/index.php?rest_route=%2Fwp%2Fv2%2Fcomments&post=7509"}],"version-history":[{"count":1,"href":"https:\/\/pasaenmendoza.com\/index.php?rest_route=\/wp\/v2\/posts\/7509\/revisions"}],"predecessor-version":[{"id":7514,"href":"https:\/\/pasaenmendoza.com\/index.php?rest_route=\/wp\/v2\/posts\/7509\/revisions\/7514"}],"wp:featuredmedia":[{"embeddable":true,"href":"https:\/\/pasaenmendoza.com\/index.php?rest_route=\/wp\/v2\/media\/7513"}],"wp:attachment":[{"href":"https:\/\/pasaenmendoza.com\/index.php?rest_route=%2Fwp%2Fv2%2Fmedia&parent=7509"}],"wp:term":[{"taxonomy":"category","embeddable":true,"href":"https:\/\/pasaenmendoza.com\/index.php?rest_route=%2Fwp%2Fv2%2Fcategories&post=7509"},{"taxonomy":"post_tag","embeddable":true,"href":"https:\/\/pasaenmendoza.com\/index.php?rest_route=%2Fwp%2Fv2%2Ftags&post=7509"}],"curies":[{"name":"wp","href":"https:\/\/api.w.org\/{rel}","templated":true}]}}