{"id":751,"date":"2023-08-16T16:08:35","date_gmt":"2023-08-16T14:08:35","guid":{"rendered":"https:\/\/pasaenmendoza.com\/?p=751"},"modified":"2023-08-16T16:08:36","modified_gmt":"2023-08-16T14:08:36","slug":"ate-analizara-la-propuesta-salarial-que-le-hizo-el-gobierno-para-los-trabajadores-de-la-salud","status":"publish","type":"post","link":"https:\/\/pasaenmendoza.com\/?p=751","title":{"rendered":"ATE analizar\u00e1 la propuesta salarial que le hizo el Gobierno para los trabajadores de la salud"},"content":{"rendered":"\n<p><strong>&#8220;EL OFRECIMIENTO PRESENTADO SE COMPONE DE QUE ADMINISTRATIVOS Y T\u00c9CNICOS, PROFESIONALES SIN CERTIFICACI\u00d3N, SISTEMATIZADORES DE DATOS, LLEVAR EL PORCENTAJE DEL \u00cdTEM 1414 AL 85%; TAMBI\u00c9N AS\u00cd PARA ENFERMER\u00cdA, ASISTENCIA A LA ANCIANIDAD, MINORIDAD Y DISCAPACIDAD, LLEVAR ESE MISMO \u00cdTEM AL 120%; PROFESIONALES CON CERTIFICACI\u00d3N DE SERVICIOS, SERVICIOS GENERALES, MANTENIMIENTO Y PRODUCCI\u00d3N, AL 110%\u201d, COMENT\u00d3 ROBERTO MACHO, SECRETARIO GENERAL DE ATE MENDOZA.<\/strong><\/p>\n\n\n\n<p>Vale aclarar que estos porcentajes se dar\u00e1n en dos etapas, entre los meses de septiembre y octubre, para llegar a una equiparaci\u00f3n total de los trabajadores. Adem\u00e1s, todos estos aumentos son remunerativos, atados a la clase 13, que es la misma a la que est\u00e1 atado el Gobernador.<\/p>\n\n\n\n<p>De acuerdo a estos aumentos, desde ATE aseguran que el salario quedar\u00eda muy por encima de las propuestas que han tenido los dem\u00e1s sindicatos.<\/p>\n\n\n\n<p>La propuesta contempla tambi\u00e9n un incremento para todos los t\u00e9cnicos con t\u00edtulos secundarios, terciarios y universitarios, donde entran todos los dem\u00e1s escalafones mencionados. Todos tendr\u00e1n una nueva base de c\u00e1lculo para los t\u00edtulos, con la cual, el Gobierno ofert\u00f3 lo siguiente: para todos los trabajadores con certificados de estudios, llevarlos del porcentaje que tienen por Ley, al 8%, los t\u00edtulos secundarios subir\u00e1n al 20%, los terciarios al 40%, los universitarios de 3 a\u00f1os al 50%, mientras que los de 5 a\u00f1os, al 70%.<\/p>\n\n\n\n<p>Por otro lado, se comenz\u00f3 a negociar el cumplimiento a la ley de t\u00e9cnicos y profesionales en la provincia de Mendoza. El Gobierno propone aumentar el psicof\u00edsico de un 75% a un 82%, concretando los pases a planta de contratados que ingresaron al Estado en 2020 \/ 2021 \/ 2022.<\/p>\n\n\n\n<p><strong>Fuente: www.diariomendoza.com.ar<\/strong><\/p>\n","protected":false},"excerpt":{"rendered":"<p>&#8220;EL OFRECIMIENTO PRESENTADO SE COMPONE DE QUE ADMINISTRATIVOS Y T\u00c9CNICOS, PROFESIONALES SIN CERTIFICACI\u00d3N, SISTEMATIZADORES DE DATOS, LLEVAR EL PORCENTAJE DEL \u00cdTEM 1414 AL 85%; TAMBI\u00c9N AS\u00cd PARA ENFERMER\u00cdA, ASISTENCIA A LA ANCIANIDAD, MINORIDAD Y DISCAPACIDAD, LLEVAR ESE MISMO \u00cdTEM AL 120%; PROFESIONALES CON CERTIFICACI\u00d3N DE SERVICIOS, SERVICIOS GENERALES, MANTENIMIENTO Y PRODUCCI\u00d3N, AL 110%\u201d, COMENT\u00d3 ROBERTO [&hellip;]<\/p>\n","protected":false},"author":2,"featured_media":752,"comment_status":"open","ping_status":"open","sticky":false,"template":"","format":"standard","meta":[],"categories":[55],"tags":[],"_links":{"self":[{"href":"https:\/\/pasaenmendoza.com\/index.php?rest_route=\/wp\/v2\/posts\/751"}],"collection":[{"href":"https:\/\/pasaenmendoza.com\/index.php?rest_route=\/wp\/v2\/posts"}],"about":[{"href":"https:\/\/pasaenmendoza.com\/index.php?rest_route=\/wp\/v2\/types\/post"}],"author":[{"embeddable":true,"href":"https:\/\/pasaenmendoza.com\/index.php?rest_route=\/wp\/v2\/users\/2"}],"replies":[{"embeddable":true,"href":"https:\/\/pasaenmendoza.com\/index.php?rest_route=%2Fwp%2Fv2%2Fcomments&post=751"}],"version-history":[{"count":1,"href":"https:\/\/pasaenmendoza.com\/index.php?rest_route=\/wp\/v2\/posts\/751\/revisions"}],"predecessor-version":[{"id":753,"href":"https:\/\/pasaenmendoza.com\/index.php?rest_route=\/wp\/v2\/posts\/751\/revisions\/753"}],"wp:featuredmedia":[{"embeddable":true,"href":"https:\/\/pasaenmendoza.com\/index.php?rest_route=\/wp\/v2\/media\/752"}],"wp:attachment":[{"href":"https:\/\/pasaenmendoza.com\/index.php?rest_route=%2Fwp%2Fv2%2Fmedia&parent=751"}],"wp:term":[{"taxonomy":"category","embeddable":true,"href":"https:\/\/pasaenmendoza.com\/index.php?rest_route=%2Fwp%2Fv2%2Fcategories&post=751"},{"taxonomy":"post_tag","embeddable":true,"href":"https:\/\/pasaenmendoza.com\/index.php?rest_route=%2Fwp%2Fv2%2Ftags&post=751"}],"curies":[{"name":"wp","href":"https:\/\/api.w.org\/{rel}","templated":true}]}}