{"id":7518,"date":"2024-05-14T15:06:50","date_gmt":"2024-05-14T13:06:50","guid":{"rendered":"https:\/\/pasaenmendoza.com\/?p=7518"},"modified":"2024-05-14T15:06:51","modified_gmt":"2024-05-14T13:06:51","slug":"una-chica-de-16-anos-esta-grave-tras-un-accidente-en-la-quinta-seccion","status":"publish","type":"post","link":"https:\/\/pasaenmendoza.com\/?p=7518","title":{"rendered":"Una chica de 16 a\u00f1os est\u00e1 grave tras un accidente en la Quinta Secci\u00f3n"},"content":{"rendered":"\n<p>Una<strong>\u00a0joven de 16 a\u00f1os fue ingresada al Hospital Central<\/strong>\u00a0con pron\u00f3stico reservado luego de haber protagonizado un fuerte accidente vial en Ciudad. El siniestro ocurri\u00f3 a la 1.18 horas de este martes, en las intersecciones de calle Olascoaga y Lamadrid, en la Quinta Secci\u00f3n.<\/p>\n\n\n\n<p>El impacto se origin\u00f3 cuando&nbsp;<strong>Franco Exequiel Totero<\/strong>&nbsp;conduc\u00eda su Volkswagen Nivus por Olascoaga de sur a norte, y al llegar a la esquina de Lamadrid choc\u00f3 con una moto que transitaba de oeste a este y era conducida por Yamila Macarena Ortega, con domicilio en Guaymall\u00e9n. La mujer de 31 a\u00f1os, que ignor\u00f3 el disco pare en la esquina y tampoco respet\u00f3 la prioridad del paso del veh\u00edculo de su derecha, iba acompa\u00f1ada por una adolescente, familiar de la conductora.<\/p>\n\n\n\n<p>Al lugar lleg\u00f3 r\u00e1pidamente la ambulancia interno 145 del Servicio de Emergencias Coordinado, que constat\u00f3 que la joven de<strong>\u00a016 a\u00f1os<\/strong>\u00a0presentaba\u00a0<strong>heridas de gravedad.\u00a0<\/strong>En tanto que la conductora de la moto fue diagnosticada en el lugar con\u00a0<strong>politraumatismos<\/strong>\u00a0varios.<\/p>\n\n\n\n<p>Ambas fueron trasladadas al Hospital Central, donde la adolescente\u00a0 ingres\u00f3 con algunas\u00a0<strong>fracturas<\/strong>, fue\u00a0<strong>intervenida<\/strong>\u00a0en el quir\u00f3fano y qued\u00f3 internada con\u00a0<strong>pron\u00f3stico reservado.<\/strong><\/p>\n\n\n\n<p>El incidente ocurri\u00f3 bajo la jurisdicci\u00f3n de la Comisar\u00eda 5\u00b0 de Ciudad. La causa qued\u00f3 caratulada como\u00a0<strong>lesiones culposas<\/strong>\u00a0y de la misma intervino la Oficina Fiscal N\u00b0 2 de la Comisar\u00eda 6\u00b0 de la Capital de Mendoza.<\/p>\n\n\n\n<p><strong>Fuente: www.mendozapost.com<\/strong><\/p>\n","protected":false},"excerpt":{"rendered":"<p>Una\u00a0joven de 16 a\u00f1os fue ingresada al Hospital Central\u00a0con pron\u00f3stico reservado luego de haber protagonizado un fuerte accidente vial en Ciudad. El siniestro ocurri\u00f3 a la 1.18 horas de este martes, en las intersecciones de calle Olascoaga y Lamadrid, en la Quinta Secci\u00f3n. El impacto se origin\u00f3 cuando&nbsp;Franco Exequiel Totero&nbsp;conduc\u00eda su Volkswagen Nivus por Olascoaga [&hellip;]<\/p>\n","protected":false},"author":2,"featured_media":7520,"comment_status":"open","ping_status":"open","sticky":false,"template":"","format":"standard","meta":[],"categories":[48],"tags":[],"_links":{"self":[{"href":"https:\/\/pasaenmendoza.com\/index.php?rest_route=\/wp\/v2\/posts\/7518"}],"collection":[{"href":"https:\/\/pasaenmendoza.com\/index.php?rest_route=\/wp\/v2\/posts"}],"about":[{"href":"https:\/\/pasaenmendoza.com\/index.php?rest_route=\/wp\/v2\/types\/post"}],"author":[{"embeddable":true,"href":"https:\/\/pasaenmendoza.com\/index.php?rest_route=\/wp\/v2\/users\/2"}],"replies":[{"embeddable":true,"href":"https:\/\/pasaenmendoza.com\/index.php?rest_route=%2Fwp%2Fv2%2Fcomments&post=7518"}],"version-history":[{"count":1,"href":"https:\/\/pasaenmendoza.com\/index.php?rest_route=\/wp\/v2\/posts\/7518\/revisions"}],"predecessor-version":[{"id":7521,"href":"https:\/\/pasaenmendoza.com\/index.php?rest_route=\/wp\/v2\/posts\/7518\/revisions\/7521"}],"wp:featuredmedia":[{"embeddable":true,"href":"https:\/\/pasaenmendoza.com\/index.php?rest_route=\/wp\/v2\/media\/7520"}],"wp:attachment":[{"href":"https:\/\/pasaenmendoza.com\/index.php?rest_route=%2Fwp%2Fv2%2Fmedia&parent=7518"}],"wp:term":[{"taxonomy":"category","embeddable":true,"href":"https:\/\/pasaenmendoza.com\/index.php?rest_route=%2Fwp%2Fv2%2Fcategories&post=7518"},{"taxonomy":"post_tag","embeddable":true,"href":"https:\/\/pasaenmendoza.com\/index.php?rest_route=%2Fwp%2Fv2%2Ftags&post=7518"}],"curies":[{"name":"wp","href":"https:\/\/api.w.org\/{rel}","templated":true}]}}