{"id":7523,"date":"2024-05-14T15:12:14","date_gmt":"2024-05-14T13:12:14","guid":{"rendered":"https:\/\/pasaenmendoza.com\/?p=7523"},"modified":"2024-05-14T15:12:16","modified_gmt":"2024-05-14T13:12:16","slug":"el-sector-del-pro-de-hebe-casado-califico-de-resentidos-a-sus-adversarios-del-demarchismo","status":"publish","type":"post","link":"https:\/\/pasaenmendoza.com\/?p=7523","title":{"rendered":"El sector del PRO de Hebe Casado calific\u00f3 de &#8220;resentidos&#8221; a sus adversarios del demarchismo"},"content":{"rendered":"\n<p>Sergio Miranda, Enrique Thomas y Guillermo Mosso apuntaron contra el demarchismo por estar &#8220;reunidos por el mero resentimiento&#8221;<\/p>\n\n\n\n<p>La\u00a0<strong>interna del PRO\u00a0<\/strong>no da tregua\u00a0y, a pocas semanas de las elecciones partidarias, el sector del PRO que apoya a\u00a0<strong>Hebe Casado<\/strong>\u00a0difundi\u00f3 un comunicado donde calificaron al demarchismo de ser &#8220;<strong>un elenco variopinto<\/strong>&#8221; reunido por el mero resentimiento contra el gobernador Alfredo Cornejo.<\/p>\n\n\n\n<p>Omar De Marchi y sus seguidores proponen terminar con el modelo de gesti\u00f3n que han construido las distintas fuerzas que componen Cambia Mendoza, afirmaron en el documento titulado&nbsp;<strong>&#8220;Los errores se pagan caro&#8221;<\/strong>&nbsp;los referentes&nbsp;<strong>Sergio Miranda,<\/strong>&nbsp;<strong>Enrique Thomas<\/strong>&nbsp;y<strong>&nbsp;Guillermo Mosso<\/strong>.<\/p>\n\n\n\n<p>&#8220;Por el momento, lo \u00fanico que ha mostrado\u00a0<strong>La Uni\u00f3n Mendocina<\/strong>\u00a0es ser un elenco variopinto, reunido por el mero\u00a0<strong>resentimiento<\/strong>\u00a0contra un gobernador que obtuvo, en las \u00faltimas elecciones, el respaldo claro e inobjetable de la ciudadan\u00eda&#8221;, aseguraron.<\/p>\n\n\n\n<p>&#8220;Prueba de ello es que el&nbsp;<strong>modelo minero<\/strong>, impulsado por Alfredo Cornejo \u2013vital para el futuro de los mendocinos-, es resistido por el demarchismo que, hasta ayer, era uno de sus principales sostenedores. Realmente no se entiende tan descarnado oportunismo&#8221;, continu\u00f3 el comunicado.<\/p>\n\n\n\n<p>La propuesta de este sector no demarchista del PRO, de acuerdo a lo que explicitaron en el comunicado, es&nbsp;<strong>quedarse &#8220;dentro de Cambia Mendoza&#8221;<\/strong>&nbsp;y &#8220;desde all\u00ed seguir consolidando y mejorando el modelo&#8221; de Cornejo.<\/p>\n\n\n\n<p>En adelante, los firmantes preguntan: &#8220;<strong>\u00bfCu\u00e1l es el proyecto alternativo que proponen?<\/strong>\u00a0\u00bfSer\u00e1, tal vez, el de reunir sectores pol\u00edticos incompatibles entre s\u00ed? \u00bfA grupos y personas que, lejos de sumarse en un conjunto coherente,\u00a0<strong>amontonan figuras y sellos del pasado\u00a0<\/strong>con una finalidad exclusivamente electoral?&#8221;.<\/p>\n\n\n\n<p>&#8220;Prueba de ello es que el&nbsp;<strong>modelo minero<\/strong>, impulsado por Alfredo Cornejo \u2013vital para el futuro de los mendocinos-, es resistido por el demarchismo que, hasta ayer, era uno de sus principales sostenedores. Realmente no se entiende tan descarnado oportunismo&#8221;, continu\u00f3 el comunicado.<\/p>\n\n\n\n<p>La propuesta de este sector no demarchista del PRO, de acuerdo a lo que explicitaron en el comunicado, es&nbsp;<strong>quedarse &#8220;dentro de Cambia Mendoza&#8221;<\/strong>&nbsp;y &#8220;desde all\u00ed seguir consolidando y mejorando el modelo&#8221; de Cornejo.<\/p>\n\n\n\n<p>En adelante, los firmantes preguntan: &#8220;<strong>\u00bfCu\u00e1l es el proyecto alternativo que proponen?<\/strong>\u00a0\u00bfSer\u00e1, tal vez, el de reunir sectores pol\u00edticos incompatibles entre s\u00ed? \u00bfA grupos y personas que, lejos de sumarse en un conjunto coherente,\u00a0<strong>amontonan figuras y sellos del pasado\u00a0<\/strong>con una finalidad exclusivamente electoral?&#8221;.<\/p>\n\n\n\n<h2 class=\"wp-block-heading\">La respuesta de una demarchista<\/h2>\n\n\n\n<p><strong>Laura Balsells-Mir\u00f3<\/strong>&nbsp;quien secunda al senador&nbsp;<strong>Gabriel Pradines<\/strong>&nbsp;en la lista Propuesta Federal -los demarchistas- en la interna del PRO,&nbsp;<strong>respondi\u00f3&nbsp;<\/strong>al comunicado a trav\u00e9s de X.<\/p>\n\n\n\n<p>Con una foto de Mauricio Macri, fundador de dicho partido, public\u00f3: &#8220;Queremos un\u00a0<strong>partido s\u00f3lido e independiente\u00a0<\/strong>y siempre mirando como ejemplo el\u00a0<strong>liderazgo de Mauricio Macri<\/strong>. Buscamos que los dirigentes del PRO en Mendoza puedan insertar esa visi\u00f3n en toda la provincia,\u00a0<strong>como ya lo hacemos en Luj\u00e1n de Cuyo<\/strong>&#8220;<\/p>\n\n\n\n<p>FUENTE: Diariouno.com.ar <\/p>\n","protected":false},"excerpt":{"rendered":"<p>Sergio Miranda, Enrique Thomas y Guillermo Mosso apuntaron contra el demarchismo por estar &#8220;reunidos por el mero resentimiento&#8221; La\u00a0interna del PRO\u00a0no da tregua\u00a0y, a pocas semanas de las elecciones partidarias, el sector del PRO que apoya a\u00a0Hebe Casado\u00a0difundi\u00f3 un comunicado donde calificaron al demarchismo de ser &#8220;un elenco variopinto&#8221; reunido por el mero resentimiento contra [&hellip;]<\/p>\n","protected":false},"author":2,"featured_media":7527,"comment_status":"open","ping_status":"open","sticky":true,"template":"","format":"standard","meta":[],"categories":[47],"tags":[],"_links":{"self":[{"href":"https:\/\/pasaenmendoza.com\/index.php?rest_route=\/wp\/v2\/posts\/7523"}],"collection":[{"href":"https:\/\/pasaenmendoza.com\/index.php?rest_route=\/wp\/v2\/posts"}],"about":[{"href":"https:\/\/pasaenmendoza.com\/index.php?rest_route=\/wp\/v2\/types\/post"}],"author":[{"embeddable":true,"href":"https:\/\/pasaenmendoza.com\/index.php?rest_route=\/wp\/v2\/users\/2"}],"replies":[{"embeddable":true,"href":"https:\/\/pasaenmendoza.com\/index.php?rest_route=%2Fwp%2Fv2%2Fcomments&post=7523"}],"version-history":[{"count":1,"href":"https:\/\/pasaenmendoza.com\/index.php?rest_route=\/wp\/v2\/posts\/7523\/revisions"}],"predecessor-version":[{"id":7528,"href":"https:\/\/pasaenmendoza.com\/index.php?rest_route=\/wp\/v2\/posts\/7523\/revisions\/7528"}],"wp:featuredmedia":[{"embeddable":true,"href":"https:\/\/pasaenmendoza.com\/index.php?rest_route=\/wp\/v2\/media\/7527"}],"wp:attachment":[{"href":"https:\/\/pasaenmendoza.com\/index.php?rest_route=%2Fwp%2Fv2%2Fmedia&parent=7523"}],"wp:term":[{"taxonomy":"category","embeddable":true,"href":"https:\/\/pasaenmendoza.com\/index.php?rest_route=%2Fwp%2Fv2%2Fcategories&post=7523"},{"taxonomy":"post_tag","embeddable":true,"href":"https:\/\/pasaenmendoza.com\/index.php?rest_route=%2Fwp%2Fv2%2Ftags&post=7523"}],"curies":[{"name":"wp","href":"https:\/\/api.w.org\/{rel}","templated":true}]}}