{"id":7524,"date":"2024-05-14T15:10:04","date_gmt":"2024-05-14T13:10:04","guid":{"rendered":"https:\/\/pasaenmendoza.com\/?p=7524"},"modified":"2024-05-14T15:10:05","modified_gmt":"2024-05-14T13:10:05","slug":"rompio-la-vidriera-de-un-local-robo-articulos-de-bebe-pero-fue-detenido-minutos-mas-tarde","status":"publish","type":"post","link":"https:\/\/pasaenmendoza.com\/?p=7524","title":{"rendered":"Rompi\u00f3 la vidriera de un local, rob\u00f3 art\u00edculos de beb\u00e9, pero fue detenido minutos m\u00e1s tarde"},"content":{"rendered":"\n<p>Un hombre de 33 a\u00f1os fue detenido en la madrugada de este martes luego de robar en un local que vende art\u00edculos para beb\u00e9s en pleno centro mendocino. El sujeto, que&nbsp;<strong>se llev\u00f3 un coche de beb\u00e9 y un huevito de la tienda<\/strong>, fue detenido minutos m\u00e1s tarde.<\/p>\n\n\n\n<p>El hecho ocurri\u00f3 pasadas las 4.30, cuando un joven ladr\u00f3n lleg\u00f3 a la tienda Carestino, ubicada en la calle Espa\u00f1a, casi en la intersecci\u00f3n con Pedro Molina. Para ingresar, el delincuente\u00a0<strong>arroj\u00f3 un ladrillo a la vidriera<\/strong>, rompiendo dos de los vidrios del local.<\/p>\n\n\n\n<p>Posteriormente, sustrajo los art\u00edculos; pero\u00a0<strong>minutos m\u00e1s tarde fue capturado en la calle Col\u00f3n<\/strong>\u00a0por efectivos policiales que hab\u00edan sido alertados por el CEO.<\/p>\n\n\n\n<p>Inmediatamente, el joven delincuente fue aprehendido y qued\u00f3 alojado en la Comisar\u00eda 3era, a la espera de que se resuelva su situaci\u00f3n judicial.<\/p>\n\n\n\n<p><strong>Fuente: www.elsol.com.ar<\/strong><\/p>\n","protected":false},"excerpt":{"rendered":"<p>Un hombre de 33 a\u00f1os fue detenido en la madrugada de este martes luego de robar en un local que vende art\u00edculos para beb\u00e9s en pleno centro mendocino. El sujeto, que&nbsp;se llev\u00f3 un coche de beb\u00e9 y un huevito de la tienda, fue detenido minutos m\u00e1s tarde. El hecho ocurri\u00f3 pasadas las 4.30, cuando un [&hellip;]<\/p>\n","protected":false},"author":2,"featured_media":7525,"comment_status":"open","ping_status":"open","sticky":false,"template":"","format":"standard","meta":[],"categories":[48],"tags":[],"_links":{"self":[{"href":"https:\/\/pasaenmendoza.com\/index.php?rest_route=\/wp\/v2\/posts\/7524"}],"collection":[{"href":"https:\/\/pasaenmendoza.com\/index.php?rest_route=\/wp\/v2\/posts"}],"about":[{"href":"https:\/\/pasaenmendoza.com\/index.php?rest_route=\/wp\/v2\/types\/post"}],"author":[{"embeddable":true,"href":"https:\/\/pasaenmendoza.com\/index.php?rest_route=\/wp\/v2\/users\/2"}],"replies":[{"embeddable":true,"href":"https:\/\/pasaenmendoza.com\/index.php?rest_route=%2Fwp%2Fv2%2Fcomments&post=7524"}],"version-history":[{"count":1,"href":"https:\/\/pasaenmendoza.com\/index.php?rest_route=\/wp\/v2\/posts\/7524\/revisions"}],"predecessor-version":[{"id":7526,"href":"https:\/\/pasaenmendoza.com\/index.php?rest_route=\/wp\/v2\/posts\/7524\/revisions\/7526"}],"wp:featuredmedia":[{"embeddable":true,"href":"https:\/\/pasaenmendoza.com\/index.php?rest_route=\/wp\/v2\/media\/7525"}],"wp:attachment":[{"href":"https:\/\/pasaenmendoza.com\/index.php?rest_route=%2Fwp%2Fv2%2Fmedia&parent=7524"}],"wp:term":[{"taxonomy":"category","embeddable":true,"href":"https:\/\/pasaenmendoza.com\/index.php?rest_route=%2Fwp%2Fv2%2Fcategories&post=7524"},{"taxonomy":"post_tag","embeddable":true,"href":"https:\/\/pasaenmendoza.com\/index.php?rest_route=%2Fwp%2Fv2%2Ftags&post=7524"}],"curies":[{"name":"wp","href":"https:\/\/api.w.org\/{rel}","templated":true}]}}