{"id":7535,"date":"2024-05-14T23:59:59","date_gmt":"2024-05-14T21:59:59","guid":{"rendered":"https:\/\/pasaenmendoza.com\/?p=7535"},"modified":"2024-05-15T00:00:00","modified_gmt":"2024-05-14T22:00:00","slug":"un-estudio-profesional-revelo-que-mendoza-mejoro-la-calidad-educativa-en-los-ultimos-ocho-anos","status":"publish","type":"post","link":"https:\/\/pasaenmendoza.com\/?p=7535","title":{"rendered":"Un estudio profesional revel\u00f3 que Mendoza mejor\u00f3 la calidad educativa en los \u00faltimos ocho a\u00f1os"},"content":{"rendered":"\n<p>El ministro de Educaci\u00f3n, Cultura, Infancias y DGE,&nbsp;<strong>Tadeo Garc\u00eda Zalazar<\/strong>, junto a la subsecretaria de Educaci\u00f3n, Claudia Ferrari, e integrantes del equipo educativo de la&nbsp;<strong>Direcci\u00f3n General de Escuelas<\/strong>&nbsp;participaron en la presentaci\u00f3n de una evaluaci\u00f3n estructural del sistema educativo de&nbsp;<strong>Mendoza<\/strong>, que realiz\u00f3 el Consejo Empresario Mendocino (CEM).<\/p>\n\n\n\n<p>El estudio comprende datos y evidencias sobre las pol\u00edticas que demostraron ser efectivas y que lograron buenos\u00a0<strong>resultados pedag\u00f3gicos<\/strong>\u00a0en el acompa\u00f1amiento de las trayectorias escolares de los estudiantes.<\/p>\n\n\n\n<p>Denominado&nbsp;Evaluaci\u00f3n Estructural del Sistema Educativo Mendocino,&nbsp;el encuentro se desarroll\u00f3 en el Sal\u00f3n del Mod Hotel Mendoza y la presentaci\u00f3n del informe estuvo a cargo de la cofundadora y CEO de Somos Red,&nbsp;<em>Board Member Fulbright&nbsp;<\/em>Argentina, Agustina Blanco.<\/p>\n\n\n\n<p>\u201cJunto a los directores de l\u00ednea y los equipos t\u00e9cnicos de la DGE, escuchamos la presentaci\u00f3n realizada por el equipo del CEM, donde analizaron la evoluci\u00f3n del sistema educativo del per\u00edodo 2013 al 2023. Lo m\u00e1s destacable es que al final compartimos una serie de recomendaciones para que sigamos mejorando las pol\u00edticas educativas\u201d, dijo Tadeo Garc\u00eda Zalazar.<\/p>\n\n\n\n<p>\u201cEn este momento estamos desarrollando el plan estrat\u00e9gico del Ministerio de Educaci\u00f3n, Cultura, Infancias y DGE. Esta jornada nos permite tener una mirada de la historia reciente de la gesti\u00f3n p\u00fablica, ver c\u00f3mo podemos implementar mejoras en distintos ejes como seguir aportando en tecnolog\u00eda, el GEM, las carreras de los profesorados, una nueva secundaria, generar estrategias con otros sectores. Nuestro sistema educativo necesita seguir mejorando y queremos seguir transform\u00e1ndolo con el objetivo de obtener mejores resultados y mejor inserci\u00f3n en el mundo laboral\u201d, concluy\u00f3 el ministro.<\/p>\n\n\n\n<h3 class=\"wp-block-heading\"><strong>\u201cHay una mejor\u00eda en la asistencia a las escuelas y menor repitencia\u201d<\/strong><\/h3>\n\n\n\n<p>El presidente del CEM,&nbsp;<strong>Eduardo Pulenta<\/strong>, quien particip\u00f3 en el encuentro, destac\u00f3 que desde 2012 se trabaja articuladamente entre el sector p\u00fablico y privado para lograr enlaces. El trabajo presentado nos muestra que hay una gran mejor\u00eda de asistencia a las escuelas y menor repitencia. Es un trabajo a largo plazo, pero en estos \u00faltimos cuatro a\u00f1os, Mendoza, a nivel nacional, es un ejemplo en materia educativa\u201d, dijo Eduardo Pulenta.<\/p>\n\n\n\n<p>Representando al CEM estuvieron presentes duardo Pulenta, presidente del CEM; Agustina Blanco, cofundadora y directora ejecutiva de Somos Red,\u00a0<em>Board Member Fulbright\u00a0<\/em>Argentina; Silvia Jardel, gerenta general del CEM; el director del Programa de L\u00edderes Educativos del CEM, Horacio Altieri, y los miembros de la Comisi\u00f3n de Educaci\u00f3n del Consejo Empresario Mendocino Sof\u00eda Pescarmona y Alfredo Romano.<\/p>\n\n\n\n<h3 class=\"wp-block-heading\"><strong>Resultados educativos positivos<\/strong><\/h3>\n\n\n\n<p>Agustina Blanco, encargada de conducir la investigaci\u00f3n educativa y presentar el documento que sintetiza los \u00faltimos diez a\u00f1os del sistema educativo en Mendoza, sostuvo: \u201cLa provincia tiene ciertos temas en los que ha logrado una mejora contundente porque han sido pol\u00edticas educativas que se han continuado. Se redujo la tasa de abandono escolar. Tambi\u00e9n se destaca el sistema de informaci\u00f3n GEM, que es una herramienta extraordinaria y ayuda a los directores de escuela para tener informaci\u00f3n inmediata para tomar decisiones y poder aplicar planes de mejora\u201d, dijo la especialista.<\/p>\n\n\n\n<p>Blanco tambi\u00e9n destac\u00f3 el programa de alfabetizaci\u00f3n y destac\u00f3 la continuidad y la profundizaci\u00f3n de esta acci\u00f3n educativa. El informe tambi\u00e9n demuestra las \u00e1reas que hay que fortalecer como el aprendizaje de matem\u00e1tica, tanto en primaria como secundaria, ya que hay un problema a nivel nacional.<\/p>\n\n\n\n<p>Se destacan adem\u00e1s positivamente las pol\u00edticas implementadas en educaci\u00f3n superior, en un reordenamiento, concurso y plataformas digitales para el aprendizaje.&nbsp;<\/p>\n\n\n\n<p>\u201cOjal\u00e1 que este informe contribuya a que esta provincia siga dando continuidad a los programas y pol\u00edticas, ya que hay un plan estrat\u00e9gico real, respetando los procesos y valorando la decisi\u00f3n de la gesti\u00f3n actual de profundizar ciertas pol\u00edticas\u201d, finaliz\u00f3 Agustina Blanco.<\/p>\n\n\n\n<p>La subsecretaria de Educaci\u00f3n, Claudia Ferrari, expres\u00f3 que el informe presentado por el CEM concuerda con la mirada que tiene la DGE con respecto al sistema educativo. \u201cLas sugerencias ya se est\u00e1n implementando en esta nueva gesti\u00f3n. Es importante generar alianzas estrat\u00e9gicas, que apoyen la mejora educativa\u201d, se\u00f1al\u00f3.<\/p>\n\n\n\n<p>Ferrari tambi\u00e9n explic\u00f3 que, luego de la presentaci\u00f3n del documento, se trabajar\u00e1 en siete mesas que abordar\u00e1n distintos temas como alfabetizaci\u00f3n, fluidez y comprensi\u00f3n lectora, matem\u00e1ticas, educaci\u00f3n y trabajo, nueva secundaria y sistemas de informaci\u00f3n como el GEM y el Sistema de Alerta Temprana.<\/p>\n\n\n\n<p><strong>Fuente: diariomendoza.com.ar<\/strong><\/p>\n\n\n\n<p><a href=\"https:\/\/www.diariomendoza.com.ar\/sociedad\/por-intensas-nevadas-suspenden-clases-presenciales-estas-zonas-mendoza-n64044\"><\/a><\/p>\n","protected":false},"excerpt":{"rendered":"<p>El ministro de Educaci\u00f3n, Cultura, Infancias y DGE,&nbsp;Tadeo Garc\u00eda Zalazar, junto a la subsecretaria de Educaci\u00f3n, Claudia Ferrari, e integrantes del equipo educativo de la&nbsp;Direcci\u00f3n General de Escuelas&nbsp;participaron en la presentaci\u00f3n de una evaluaci\u00f3n estructural del sistema educativo de&nbsp;Mendoza, que realiz\u00f3 el Consejo Empresario Mendocino (CEM). El estudio comprende datos y evidencias sobre las pol\u00edticas [&hellip;]<\/p>\n","protected":false},"author":2,"featured_media":7536,"comment_status":"open","ping_status":"open","sticky":false,"template":"","format":"standard","meta":[],"categories":[56],"tags":[],"_links":{"self":[{"href":"https:\/\/pasaenmendoza.com\/index.php?rest_route=\/wp\/v2\/posts\/7535"}],"collection":[{"href":"https:\/\/pasaenmendoza.com\/index.php?rest_route=\/wp\/v2\/posts"}],"about":[{"href":"https:\/\/pasaenmendoza.com\/index.php?rest_route=\/wp\/v2\/types\/post"}],"author":[{"embeddable":true,"href":"https:\/\/pasaenmendoza.com\/index.php?rest_route=\/wp\/v2\/users\/2"}],"replies":[{"embeddable":true,"href":"https:\/\/pasaenmendoza.com\/index.php?rest_route=%2Fwp%2Fv2%2Fcomments&post=7535"}],"version-history":[{"count":1,"href":"https:\/\/pasaenmendoza.com\/index.php?rest_route=\/wp\/v2\/posts\/7535\/revisions"}],"predecessor-version":[{"id":7537,"href":"https:\/\/pasaenmendoza.com\/index.php?rest_route=\/wp\/v2\/posts\/7535\/revisions\/7537"}],"wp:featuredmedia":[{"embeddable":true,"href":"https:\/\/pasaenmendoza.com\/index.php?rest_route=\/wp\/v2\/media\/7536"}],"wp:attachment":[{"href":"https:\/\/pasaenmendoza.com\/index.php?rest_route=%2Fwp%2Fv2%2Fmedia&parent=7535"}],"wp:term":[{"taxonomy":"category","embeddable":true,"href":"https:\/\/pasaenmendoza.com\/index.php?rest_route=%2Fwp%2Fv2%2Fcategories&post=7535"},{"taxonomy":"post_tag","embeddable":true,"href":"https:\/\/pasaenmendoza.com\/index.php?rest_route=%2Fwp%2Fv2%2Ftags&post=7535"}],"curies":[{"name":"wp","href":"https:\/\/api.w.org\/{rel}","templated":true}]}}