{"id":7538,"date":"2024-05-15T00:15:13","date_gmt":"2024-05-14T22:15:13","guid":{"rendered":"https:\/\/pasaenmendoza.com\/?p=7538"},"modified":"2024-05-15T00:15:14","modified_gmt":"2024-05-14T22:15:14","slug":"la-mesa-de-produccion-y-empleo-de-mendoza-a-favor-de-la-ley-bases","status":"publish","type":"post","link":"https:\/\/pasaenmendoza.com\/?p=7538","title":{"rendered":"La Mesa de Producci\u00f3n y Empleo de Mendoza, a favor de la Ley Bases"},"content":{"rendered":"\n<p>Las seis c\u00e1maras que integran la\u00a0<strong>Mesa de Producci\u00f3n y Empleo de Mendoza<\/strong>\u00a0firmaron un comunicado apoyando la<strong>\u00a0Ley Bases<\/strong>\u00a0y pidiendo que los senadores nacionales aprueben esta medida, apelando a una &#8220;actitud responsable y patri\u00f3tica&#8221; de los legisladores.\u00a0<\/p>\n\n\n\n<p>&#8220;Esto constituir\u00e1 un paso importante y necesario en la reconstrucci\u00f3n del funcionamiento econ\u00f3mico del pa\u00eds que permita sentar las bases de un desarrollo sostenible y equitativo&#8221;, indicaron, y enfatizaron: &#8220;Solo as\u00ed volveremos a colocar a la Argentina en la senda del desarrollo econ\u00f3mico y reducci\u00f3n de la pobreza&#8221;.<\/p>\n\n\n\n<p><strong>El comunicado completo<\/strong><\/p>\n\n\n\n<p><em>Las entidades empresarias de la provincia de Mendoza que suscriben, apelan a una actitud responsable y patri\u00f3tica a los Senadores Nacionales para que traten, sin dilaciones, el proyecto de ley y el paquete fiscal, para as\u00ed poder avanzar en su aprobaci\u00f3n.&nbsp;<\/em><\/p>\n\n\n\n<p><em>Es urgente e imperioso que se encuentre el consenso necesario para que esto se concrete, abogando para que los representantes del pueblo dejen de lado intereses personales o disputas pol\u00edticas en pos del bien com\u00fan.&nbsp;<\/em><\/p>\n\n\n\n<p><em>Esto constituir\u00e1 un paso importante y necesario en la reconstrucci\u00f3n del funcionamiento econ\u00f3mico del pa\u00eds que permita sentar las bases de un desarrollo sostenible y equitativo.\u00a0<\/em><\/p>\n\n\n\n<p><em>La situaci\u00f3n econ\u00f3mica es acuciante y el esfuerzo que est\u00e1 realizando el conjunto de los argentinos merece que tambi\u00e9n lo hagan sus representantes.\u00a0<\/em><\/p>\n\n\n\n<p><em>Necesitamos enfocarnos en las soluciones de fondo que vuelvan a traer bienestar y crecimiento, en beneficio del conjunto. No s\u00f3lo son necesarias las herramientas que promueve este proyecto de ley en aspectos fiscales, econ\u00f3micos, regulatorios y administrativos, sino que su aprobaci\u00f3n ser\u00e1 una muestra de confianza y de funcionamiento de las instituciones, que permitan reconstruir la credibilidad de nuestro pa\u00eds.\u00a0<\/em><\/p>\n\n\n\n<p><em>Es momento de que la pol\u00edtica muestre una clara se\u00f1al a los ciudadanos que lo votaron de que son capaces de ponerse de acuerdo por el bien de todos, lo que debe primar por encima de cualquier otro inter\u00e9s particular.&nbsp;<\/em><\/p>\n\n\n\n<p><em>Solo as\u00ed volveremos a colocar a la Argentina en la senda del desarrollo econ\u00f3mico y reducci\u00f3n de la pobreza.&nbsp;<\/em><\/p>\n\n\n\n<p><em>Mendoza, 14 de mayo de 2024.<\/em><\/p>\n\n\n\n<p><em><strong>Asociaci\u00f3n Cristiana de Dirigentes de Empresas (ACDE)&nbsp;<\/strong><\/em><\/p>\n\n\n\n<p><em><strong>Asociaci\u00f3n de Cooperativas Vitivin\u00edcolas de Mendoza (ACOVI)<\/strong><\/em><\/p>\n\n\n\n<p><em><strong>Asociaci\u00f3n de Ejecutivos de Mendoza (AEM)&nbsp;<\/strong><\/em><\/p>\n\n\n\n<p><em><strong>Consejo Empresario Mendocino (CEM)&nbsp;<\/strong><\/em><\/p>\n\n\n\n<p><em><strong>Uni\u00f3n Comercial e Industrial de Mendoza (UCIM)&nbsp;<\/strong><\/em><\/p>\n\n\n\n<p><em><strong>Uni\u00f3n Industrial de Mendoza (UIM)<\/strong><\/em><\/p>\n\n\n\n<p><strong>Fuente: www.mendozapost.com<\/strong><\/p>\n","protected":false},"excerpt":{"rendered":"<p>Las seis c\u00e1maras que integran la\u00a0Mesa de Producci\u00f3n y Empleo de Mendoza\u00a0firmaron un comunicado apoyando la\u00a0Ley Bases\u00a0y pidiendo que los senadores nacionales aprueben esta medida, apelando a una &#8220;actitud responsable y patri\u00f3tica&#8221; de los legisladores.\u00a0 &#8220;Esto constituir\u00e1 un paso importante y necesario en la reconstrucci\u00f3n del funcionamiento econ\u00f3mico del pa\u00eds que permita sentar las bases [&hellip;]<\/p>\n","protected":false},"author":2,"featured_media":7539,"comment_status":"open","ping_status":"open","sticky":false,"template":"","format":"standard","meta":[],"categories":[110],"tags":[],"_links":{"self":[{"href":"https:\/\/pasaenmendoza.com\/index.php?rest_route=\/wp\/v2\/posts\/7538"}],"collection":[{"href":"https:\/\/pasaenmendoza.com\/index.php?rest_route=\/wp\/v2\/posts"}],"about":[{"href":"https:\/\/pasaenmendoza.com\/index.php?rest_route=\/wp\/v2\/types\/post"}],"author":[{"embeddable":true,"href":"https:\/\/pasaenmendoza.com\/index.php?rest_route=\/wp\/v2\/users\/2"}],"replies":[{"embeddable":true,"href":"https:\/\/pasaenmendoza.com\/index.php?rest_route=%2Fwp%2Fv2%2Fcomments&post=7538"}],"version-history":[{"count":1,"href":"https:\/\/pasaenmendoza.com\/index.php?rest_route=\/wp\/v2\/posts\/7538\/revisions"}],"predecessor-version":[{"id":7540,"href":"https:\/\/pasaenmendoza.com\/index.php?rest_route=\/wp\/v2\/posts\/7538\/revisions\/7540"}],"wp:featuredmedia":[{"embeddable":true,"href":"https:\/\/pasaenmendoza.com\/index.php?rest_route=\/wp\/v2\/media\/7539"}],"wp:attachment":[{"href":"https:\/\/pasaenmendoza.com\/index.php?rest_route=%2Fwp%2Fv2%2Fmedia&parent=7538"}],"wp:term":[{"taxonomy":"category","embeddable":true,"href":"https:\/\/pasaenmendoza.com\/index.php?rest_route=%2Fwp%2Fv2%2Fcategories&post=7538"},{"taxonomy":"post_tag","embeddable":true,"href":"https:\/\/pasaenmendoza.com\/index.php?rest_route=%2Fwp%2Fv2%2Ftags&post=7538"}],"curies":[{"name":"wp","href":"https:\/\/api.w.org\/{rel}","templated":true}]}}