{"id":754,"date":"2023-08-16T16:14:30","date_gmt":"2023-08-16T14:14:30","guid":{"rendered":"https:\/\/pasaenmendoza.com\/?p=754"},"modified":"2023-08-16T16:14:30","modified_gmt":"2023-08-16T14:14:30","slug":"el-panorama-de-precios-en-mendoza-es-incierto","status":"publish","type":"post","link":"https:\/\/pasaenmendoza.com\/?p=754","title":{"rendered":"El panorama de precios en Mendoza es incierto"},"content":{"rendered":"\n<p>Despu\u00e9s de la&nbsp;<strong>devaluaci\u00f3n<\/strong>, empresarios y peque\u00f1os comerciantes de Mendoza esperan la nueva lista de&nbsp;<strong>precios&nbsp;<\/strong>de sus proveedores para fijar los incrementos en los valores de sus productos.<\/p>\n\n\n\n<p>En un escenario de falta de previsibilidad, desde<mark>&nbsp;los rubros esenciales como alimentos y salud aguardan para que no se produzcan grandes desfasajes,&nbsp;<\/mark>aunque entienden que desde el domingo est\u00e1n trabajando a p\u00e9rdidas.&nbsp; Desde otros sectores, como la automotriz, anticipan que el valor de<mark>&nbsp;los veh\u00edculos y como consecuencia, las cuotas de los planes sufrir\u00e1n incrementos del 15 al 25%<\/mark>, tanto para los nuevos como para los usados.<\/p>\n\n\n\n<p>La economista Carina Farah, precis\u00f3 que la devaluaci\u00f3n se est\u00e1 trasladando a los precios y va a impactar muy fuerte en la inflaci\u00f3n de agosto\u201d. La de julio, que se conoci\u00f3 este martes lleg\u00f3 a 6,3% en el promedio nacional, mientras que en la Provincia fue de 5,2%.<\/p>\n\n\n\n<p>\u201c<em>Los aumentos est\u00e1n siguiendo los niveles de la inflaci\u00f3n, comi\u00e9ndose de lleno el poder adquisitivo de los asalariados<\/em>\u201c, dijo.<\/p>\n\n\n\n<h2 class=\"wp-block-heading\" id=\"h-alimentos\">Alimentos<\/h2>\n\n\n\n<p>El ambiente dado tras los resultados de las elecciones PASO y luego del ajuste del 22% dispuesto por el Gobierno en el tipo de cambio, la compra anticipada de alimentos se convierte en un refugio de las familias contra la inflaci\u00f3n. Pese a que los supermercadistas entienden que l<mark>a devaluaci\u00f3n va a golpear en forma directa en el precio de la canasta b\u00e1sica<\/mark>, hay una gran incertidumbre en el sector.<\/p>\n\n\n\n<p>Rub\u00e9n David, gerente del mayorista Oscar David, sostuvo que los proveedores no les dan la nueva lista de precios y no pueden hacer pedidos. \u201c<em>Estamos aguantando con el stock que tenemos y a la espera que se resuelvan las cosas en Buenos Aires para ver qu\u00e9 productos vamos a poder comprar, en qu\u00e9 cantidad y a qu\u00e9 valor<\/em>\u201d, dijo.<\/p>\n\n\n\n<p>Este martes y durante la semana los empresarios del rubro se reunir\u00e1n para convenir las subas, en la misma jornada en la que vence el acuerdo de&nbsp;<strong>Precios Justos<\/strong>. Desde el Ministerio de Econom\u00eda ratificaron que los convenios con las empresas seguir\u00e1n adelante.<\/p>\n\n\n\n<p>\u201c<em>Entre mi\u00e9rcoles y jueves tendremos un panorama m\u00e1s claro<\/em>\u201d, dijo David, quien explic\u00f3 que ser\u00eda imprudente estimar un n\u00famero de aumento.&nbsp;<\/p>\n\n\n\n<p>\u201cVa a depender de los componentes importados y no ser\u00e1 pareja\u201d, concluy\u00f3.<\/p>\n\n\n\n<h2 class=\"wp-block-heading\" id=\"h-medicamentos\">Medicamentos<\/h2>\n\n\n\n<p>Mario Valestra, presidente del Colegio Farmac\u00e9utico de Mendoza, sostuvo que las farmacias est\u00e1n trabajando a p\u00e9rdida desde el domingo y estiman que en las pr\u00f3ximas horas se inyectar\u00e1n los aumentos en los precios de los medicamentos.<\/p>\n\n\n\n<p><em>\u201cLa industria farmac\u00e9utica se ve muy afectada porque la mayor\u00eda de las mol\u00e9culas son importadas. Aumentaron los precios de forma autom\u00e1tica, se lo informaron a las droguer\u00edas y no alcanzaron a comunic\u00e1rselo a las farmacias, entonces, entre ayer y hoy se est\u00e1 dispensando a un precio viejo, pero estamos comprando con una nueva lista<\/em>\u201d, dijo Valestra.<\/p>\n\n\n\n<p>Y aclar\u00f3 que se est\u00e1n dispensando los medicamentos. \u201cSe est\u00e1 haciendo porque est\u00e1 comprometido con la salud, con sus pacientes, con sus clientes\u201d, detall\u00f3.<\/p>\n\n\n\n<h2 class=\"wp-block-heading\" id=\"h-autos-mas-caros\">Autos m\u00e1s caros<\/h2>\n\n\n\n<p>Hasta este martes al mediod\u00eda, la perspectiva era incierta tambi\u00e9n en las concesionarias de auto, hasta que tras algunas reuniones, empresarios del sector acordaron incrementos del 15 al 20% tanto para la venta de veh\u00edculos usados como nuevos y de un 25% en los importados. Los valores tambi\u00e9n se trasladar\u00e1n a lubricentros y repuestos.<\/p>\n\n\n\n<p>Adri\u00e1n \u201cChino\u201d Yacopini indic\u00f3 que el sector \u201c<em>depende de la balanza comercial de las importaciones, por ende si se movi\u00f3 el d\u00f3lar oficial, se mover\u00e1n los precios de los autos<\/em>\u201d, dijo.<\/p>\n\n\n\n<p>Pese a que la situaci\u00f3n era incierta, el empresario sostuvo que se ha seguido facturando, a diferencia de otras terminales.&nbsp;<\/p>\n\n\n\n<p>\u201cNo dejamos escapar el cliente porque nos cuesta much\u00edsimo tenerlos. Lla competencia es la terror\u00edfica. Entonces tratamos de venderles, tratamos de asesorarlos, mientras las reglas est\u00e9n un poco m\u00e1s clara\u201d.<\/p>\n\n\n\n<h2 class=\"wp-block-heading\" id=\"h-juguetes\">Juguetes<\/h2>\n\n\n\n<p>La C\u00e1mara Argentina de la Industria del Juguete comunic\u00f3 que los productos de origen nacional ya fueron entregados, por lo que los nuevos precios se aplicar\u00e1n para las entregas posteriores al D\u00eda del Ni\u00f1o.&nbsp;<\/p>\n\n\n\n<p>Respecto a los productos importados, indicaron que puede que se registre alguna remarcaci\u00f3n en algunos productos puntuales, pero realmente no hay margen para realizar modificaciones a los precios porque se busca favorecer la venta en esta temporada, que explica el 60% de las ventas anuales para el sector. En ese sentido, la C\u00e1mara Argentina de la Industria del Juguete firm\u00f3 un Convenio con el Banco Naci\u00f3n que le permitir\u00e1n a todas las jugueter\u00edas adheridas del pa\u00eds ofrecer las siguientes promociones.<\/p>\n\n\n\n<p><strong>Fuente: www.elsol.com.ar<\/strong><\/p>\n","protected":false},"excerpt":{"rendered":"<p>Despu\u00e9s de la&nbsp;devaluaci\u00f3n, empresarios y peque\u00f1os comerciantes de Mendoza esperan la nueva lista de&nbsp;precios&nbsp;de sus proveedores para fijar los incrementos en los valores de sus productos. En un escenario de falta de previsibilidad, desde&nbsp;los rubros esenciales como alimentos y salud aguardan para que no se produzcan grandes desfasajes,&nbsp;aunque entienden que desde el domingo est\u00e1n trabajando [&hellip;]<\/p>\n","protected":false},"author":2,"featured_media":755,"comment_status":"open","ping_status":"open","sticky":false,"template":"","format":"standard","meta":[],"categories":[49],"tags":[],"_links":{"self":[{"href":"https:\/\/pasaenmendoza.com\/index.php?rest_route=\/wp\/v2\/posts\/754"}],"collection":[{"href":"https:\/\/pasaenmendoza.com\/index.php?rest_route=\/wp\/v2\/posts"}],"about":[{"href":"https:\/\/pasaenmendoza.com\/index.php?rest_route=\/wp\/v2\/types\/post"}],"author":[{"embeddable":true,"href":"https:\/\/pasaenmendoza.com\/index.php?rest_route=\/wp\/v2\/users\/2"}],"replies":[{"embeddable":true,"href":"https:\/\/pasaenmendoza.com\/index.php?rest_route=%2Fwp%2Fv2%2Fcomments&post=754"}],"version-history":[{"count":1,"href":"https:\/\/pasaenmendoza.com\/index.php?rest_route=\/wp\/v2\/posts\/754\/revisions"}],"predecessor-version":[{"id":756,"href":"https:\/\/pasaenmendoza.com\/index.php?rest_route=\/wp\/v2\/posts\/754\/revisions\/756"}],"wp:featuredmedia":[{"embeddable":true,"href":"https:\/\/pasaenmendoza.com\/index.php?rest_route=\/wp\/v2\/media\/755"}],"wp:attachment":[{"href":"https:\/\/pasaenmendoza.com\/index.php?rest_route=%2Fwp%2Fv2%2Fmedia&parent=754"}],"wp:term":[{"taxonomy":"category","embeddable":true,"href":"https:\/\/pasaenmendoza.com\/index.php?rest_route=%2Fwp%2Fv2%2Fcategories&post=754"},{"taxonomy":"post_tag","embeddable":true,"href":"https:\/\/pasaenmendoza.com\/index.php?rest_route=%2Fwp%2Fv2%2Ftags&post=754"}],"curies":[{"name":"wp","href":"https:\/\/api.w.org\/{rel}","templated":true}]}}