{"id":7542,"date":"2024-05-15T14:23:31","date_gmt":"2024-05-15T12:23:31","guid":{"rendered":"https:\/\/pasaenmendoza.com\/?p=7542"},"modified":"2024-05-15T14:23:33","modified_gmt":"2024-05-15T12:23:33","slug":"desde-un-sector-del-pro-rechazan-la-posibilidad-de-abandonar-cambia-mendoza","status":"publish","type":"post","link":"https:\/\/pasaenmendoza.com\/?p=7542","title":{"rendered":"Desde un sector del PRO rechazan la posibilidad de abandonar Cambia Mendoza"},"content":{"rendered":"\n<p>Dos sectores se enfrentan dentro del PRO: el que apoya a Hebe Casado y los dirigentes afines a Omar De Marchi. Los opositores dijeron que si ganan, el PRO se va de Cambia Mendoza.<\/p>\n\n\n\n<p>La interna del\u00a0<strong>PRO<\/strong>\u00a0se pone cada vez m\u00e1s picante. El presidente del bloque\u00a0<strong>Cambia Mendoza<\/strong>,\u00a0<strong>Enrique Thomas<\/strong>\u00a0es uno de los tres firmantes de un comunicado contundente que advierte: &#8220;Los errores se pagan caro&#8221;. Los dem\u00e1s firmantes son Guillermo Mosso y Sergio Miranda donde resaltan las virtudes del gobernador Alfredo Cornejo. Para profundizar y comprender mejor la interna que afecta a\u00a018 mil afiliados,\u00a0<strong>Thomas<\/strong> asegur\u00f3 que, en el hipot\u00e9tico caso de que la interna la gane el sector demarchista, tanto \u00e9l como otros miembros del\u00a0<strong>PRO<\/strong>\u00a0se quedar\u00edan dentro del frente oficialista. Adem\u00e1s dijo que la Uni\u00f3n Mendocina es &#8220;un grupo anticornejista&#8221;.<\/p>\n\n\n\n<p><strong>Thomas<\/strong>\u00a0explic\u00f3 que &#8220;el bloque de\u00a0<strong>Cambia Mendoza<\/strong>\u00a0es el m\u00e1s numeroso. Son 27 legisladores de los cuales 23 pertenecen a la Uni\u00f3n C\u00edvica Radical y a alg\u00fan partido menor, y cuatro al\u00a0<strong>PRO<\/strong>. Eso constituye el bloque de\u00a0<strong>Cambia Mendoza<\/strong>\u00a0del cual soy el presidente&#8221;.\u00a0A\u00f1adi\u00f3 que &#8220;el bloque de la Uni\u00f3n Mendocina arranc\u00f3 con nueve diputados y se han ido separando. En este momento quedan, aproximadamente, seis diputados. A nuestro criterio, de quienes firmamos este comunicado, esto es el resultado de una uni\u00f3n muy d\u00e9bil que se hizo exclusivamente por una especulaci\u00f3n personalista de Omar De Marchi, tratando de imponerse en las elecciones&#8221;.<\/p>\n\n\n\n<p>Para&nbsp;<strong>Thomas<\/strong>, el error se trata de que cuando&nbsp;Omar De Marchi estuvo dentro&nbsp;<strong>Cambia Mendoza<\/strong>&nbsp;&#8220;ten\u00eda la oportunidad de discutir dentro de este frente exitoso el rumbo que ten\u00eda que tomar, proponer modificaciones, proponer mejoras, dar un debate de hacia d\u00f3nde tiene que ir la provincia de Mendoza. En vez de eso, rompi\u00f3 el frente&nbsp;<strong>Cambia Mendoza<\/strong>&#8220;.<\/p>\n\n\n\n<p>&#8220;Si ellos se impusieran, hipot\u00e9ticamente, en la interna del\u00a0<strong>PRO<\/strong>\u00a0de Mendoza, inmediatamente el\u00a0<strong>PRO<\/strong>\u00a0abandonar\u00eda el frente\u00a0<strong>Cambia Mendoza<\/strong>\u00a0que es el frente que sostiene todas aquellas pol\u00edticas de modernizaci\u00f3n, de ampliaci\u00f3n de la matriz productiva de la provincia&#8221; dijo el legislador y agreg\u00f3\u00a0&#8220;la discusi\u00f3n de fondo es tener una propuesta superadora del actual frente\u00a0<strong>Cambia Mendoza<\/strong>\u00a0que gobierna en la provincia, o simplemente juntar personajes diversos. Eso, a nuestro criterio, demuestra que ese espacio pol\u00edtico se arm\u00f3 pura y exclusivamente como un espacio anti Cornejo&#8221;.<\/p>\n\n\n\n<p>&#8220;Aquellos integrantes de este partido, en el caso m\u00edo y de muchos m\u00e1s del\u00a0<strong>PRO<\/strong>, tendr\u00edamos que imaginar un frente sin, institucionalmente, el partido&#8221;, expres\u00f3 Thomas.<\/p>\n\n\n\n<p>En cuanto al planteo que hace un sector, de que durante la anterior gesti\u00f3n de Cornejo y la de Suarez, el&nbsp;<strong>PRO&nbsp;<\/strong>no jug\u00f3 un rol, Thomas se\u00f1al\u00f3 que no es el rol que cumplen hoy y que &#8220;el hecho m\u00e1s concreto y m\u00e1s expl\u00edcito es que yo soy el presidente de un interbloque de 27 diputados en la C\u00e1mara de Diputados y soy perteneciente al&nbsp;<strong>PRO<\/strong>. Es un cargo muy importante que define la estrategia para tratar cada uno de los proyectos que se presentan. En el caso de los cargos ejecutivos, ser\u00e1 un d\u00e9ficit de nuestro propio partido por no haber dado los debates, las discusiones y encontrar el \u00e1mbito para discutir la participaci\u00f3n efectiva de m\u00e1s dirigentes de nuestro partido en el Poder Ejecutivo&#8221;. A esto agreg\u00f3: &#8220;Si la soluci\u00f3n es romper todo cada vez que uno no logra lo que se propone, es un grav\u00edsimo error. Es una decisi\u00f3n equivocada que hace, casi, al t\u00edtulo de nuestra nota&#8221;.<\/p>\n\n\n\n<p>Por \u00faltimo se refiri\u00f3 a sus expectativas y a la posible nacionalizaci\u00f3n de la interna:\u00a0&#8220;Esperemos que sea respetuosa de la independencia del partido a nivel provincial del\u00a0<strong>PRO<\/strong>, esperemos que esto sea una muestra de que se pueden definir liderazgos con un concepto federal, porque cada provincia tiene el derecho de definir, con lineamientos nacionales, qui\u00e9nes son los dirigentes que mejor representan al esp\u00edritu de nuestro partido.\u00a0En este caso, por supuesto, pensamos que es Hebe Casado la actual vicegobernadora&#8221;, concluy\u00f3 el diputado.<\/p>\n\n\n\n<p>FUENTE: MDZonline.<\/p>\n","protected":false},"excerpt":{"rendered":"<p>Dos sectores se enfrentan dentro del PRO: el que apoya a Hebe Casado y los dirigentes afines a Omar De Marchi. Los opositores dijeron que si ganan, el PRO se va de Cambia Mendoza. La interna del\u00a0PRO\u00a0se pone cada vez m\u00e1s picante. El presidente del bloque\u00a0Cambia Mendoza,\u00a0Enrique Thomas\u00a0es uno de los tres firmantes de un [&hellip;]<\/p>\n","protected":false},"author":2,"featured_media":7543,"comment_status":"open","ping_status":"open","sticky":true,"template":"","format":"standard","meta":[],"categories":[47],"tags":[],"_links":{"self":[{"href":"https:\/\/pasaenmendoza.com\/index.php?rest_route=\/wp\/v2\/posts\/7542"}],"collection":[{"href":"https:\/\/pasaenmendoza.com\/index.php?rest_route=\/wp\/v2\/posts"}],"about":[{"href":"https:\/\/pasaenmendoza.com\/index.php?rest_route=\/wp\/v2\/types\/post"}],"author":[{"embeddable":true,"href":"https:\/\/pasaenmendoza.com\/index.php?rest_route=\/wp\/v2\/users\/2"}],"replies":[{"embeddable":true,"href":"https:\/\/pasaenmendoza.com\/index.php?rest_route=%2Fwp%2Fv2%2Fcomments&post=7542"}],"version-history":[{"count":1,"href":"https:\/\/pasaenmendoza.com\/index.php?rest_route=\/wp\/v2\/posts\/7542\/revisions"}],"predecessor-version":[{"id":7544,"href":"https:\/\/pasaenmendoza.com\/index.php?rest_route=\/wp\/v2\/posts\/7542\/revisions\/7544"}],"wp:featuredmedia":[{"embeddable":true,"href":"https:\/\/pasaenmendoza.com\/index.php?rest_route=\/wp\/v2\/media\/7543"}],"wp:attachment":[{"href":"https:\/\/pasaenmendoza.com\/index.php?rest_route=%2Fwp%2Fv2%2Fmedia&parent=7542"}],"wp:term":[{"taxonomy":"category","embeddable":true,"href":"https:\/\/pasaenmendoza.com\/index.php?rest_route=%2Fwp%2Fv2%2Fcategories&post=7542"},{"taxonomy":"post_tag","embeddable":true,"href":"https:\/\/pasaenmendoza.com\/index.php?rest_route=%2Fwp%2Fv2%2Ftags&post=7542"}],"curies":[{"name":"wp","href":"https:\/\/api.w.org\/{rel}","templated":true}]}}