{"id":7545,"date":"2024-05-15T14:25:57","date_gmt":"2024-05-15T12:25:57","guid":{"rendered":"https:\/\/pasaenmendoza.com\/?p=7545"},"modified":"2024-05-15T14:25:58","modified_gmt":"2024-05-15T12:25:58","slug":"se-oficializo-la-salida-de-un-funcionario-clave-que-se-va-al-sector-privado","status":"publish","type":"post","link":"https:\/\/pasaenmendoza.com\/?p=7545","title":{"rendered":"Se oficializ\u00f3 la salida de un funcionario clave que se va al sector privado"},"content":{"rendered":"\n<p>Se trata de Estanislao Schilardi, que se desempe\u00f1aba como director de Hidrocarburos.<\/p>\n\n\n\n<p>Este mi\u00e9rcoles, a trav\u00e9s del decreto 831 del Ministerio de Energ\u00eda y Ambiente, publicado en el Bolet\u00edn Oficial, se oficializ\u00f3 la salida de<strong>&nbsp;Estanislao Schilard<\/strong>i como&nbsp;<strong>director de Hidrocarburos&nbsp;<\/strong>de la provincia. Se trata de un cargo clave en la gesti\u00f3n de&nbsp;<strong>Alfredo Cornejo<\/strong>, quien ha enfocado su segundo periodo al mando de la provincia en la miner\u00eda como el eje de la econom\u00eda.<\/p>\n\n\n\n<p>La renuncia, est\u00e1 vigente desde el 1 de mayo, pero reci\u00e9n durante esta jornada se conoci\u00f3 la norma, que lleva las firmas de gobernador, como el de la ministra de Ambiente y Energ\u00eda, Jimena Latorre.<\/p>\n\n\n\n<p>Su lugar ser\u00e1 ocupado por<strong>\u00a0Lucas Erio<\/strong>, aunque a\u00fan no se ha publicado su designaci\u00f3n oficial.<\/p>\n\n\n\n<p>Seg\u00fan trascendi\u00f3, Schilardi dej\u00f3 su cargo para trasladarse a Neuqu\u00e9n y trabajar en una compa\u00f1\u00eda privada que se dedica a la ingenier\u00eda y construcci\u00f3n de equipos para la industria minera y petrolera.<\/p>\n\n\n\n<p>Schilardi hab\u00eda llegado al gobierno provincial de la mano de Rodolfo Suarez, y estuvo durante los cuatro a\u00f1os de gesti\u00f3n del exintendente de Capital como director de Hidrocarburos. Previamente, hab\u00eda trabajado en Impsa.<\/p>\n\n\n\n<p>FUENTE: Elsol.com.ar <\/p>\n","protected":false},"excerpt":{"rendered":"<p>Se trata de Estanislao Schilardi, que se desempe\u00f1aba como director de Hidrocarburos. Este mi\u00e9rcoles, a trav\u00e9s del decreto 831 del Ministerio de Energ\u00eda y Ambiente, publicado en el Bolet\u00edn Oficial, se oficializ\u00f3 la salida de&nbsp;Estanislao Schilardi como&nbsp;director de Hidrocarburos&nbsp;de la provincia. Se trata de un cargo clave en la gesti\u00f3n de&nbsp;Alfredo Cornejo, quien ha enfocado [&hellip;]<\/p>\n","protected":false},"author":2,"featured_media":7546,"comment_status":"open","ping_status":"open","sticky":true,"template":"","format":"standard","meta":[],"categories":[47],"tags":[],"_links":{"self":[{"href":"https:\/\/pasaenmendoza.com\/index.php?rest_route=\/wp\/v2\/posts\/7545"}],"collection":[{"href":"https:\/\/pasaenmendoza.com\/index.php?rest_route=\/wp\/v2\/posts"}],"about":[{"href":"https:\/\/pasaenmendoza.com\/index.php?rest_route=\/wp\/v2\/types\/post"}],"author":[{"embeddable":true,"href":"https:\/\/pasaenmendoza.com\/index.php?rest_route=\/wp\/v2\/users\/2"}],"replies":[{"embeddable":true,"href":"https:\/\/pasaenmendoza.com\/index.php?rest_route=%2Fwp%2Fv2%2Fcomments&post=7545"}],"version-history":[{"count":1,"href":"https:\/\/pasaenmendoza.com\/index.php?rest_route=\/wp\/v2\/posts\/7545\/revisions"}],"predecessor-version":[{"id":7547,"href":"https:\/\/pasaenmendoza.com\/index.php?rest_route=\/wp\/v2\/posts\/7545\/revisions\/7547"}],"wp:featuredmedia":[{"embeddable":true,"href":"https:\/\/pasaenmendoza.com\/index.php?rest_route=\/wp\/v2\/media\/7546"}],"wp:attachment":[{"href":"https:\/\/pasaenmendoza.com\/index.php?rest_route=%2Fwp%2Fv2%2Fmedia&parent=7545"}],"wp:term":[{"taxonomy":"category","embeddable":true,"href":"https:\/\/pasaenmendoza.com\/index.php?rest_route=%2Fwp%2Fv2%2Fcategories&post=7545"},{"taxonomy":"post_tag","embeddable":true,"href":"https:\/\/pasaenmendoza.com\/index.php?rest_route=%2Fwp%2Fv2%2Ftags&post=7545"}],"curies":[{"name":"wp","href":"https:\/\/api.w.org\/{rel}","templated":true}]}}