{"id":7548,"date":"2024-05-15T14:31:06","date_gmt":"2024-05-15T12:31:06","guid":{"rendered":"https:\/\/pasaenmendoza.com\/?p=7548"},"modified":"2024-05-15T14:31:07","modified_gmt":"2024-05-15T12:31:07","slug":"la-libertad-se-atasca-peleas-y-amenazas-entre-libertarios-en-mendoza","status":"publish","type":"post","link":"https:\/\/pasaenmendoza.com\/?p=7548","title":{"rendered":"La Libertad &#8220;se atasca&#8221;: peleas y amenazas entre libertarios en Mendoza"},"content":{"rendered":"\n<p>La historia de la gestaci\u00f3n del partido de\u00a0Karina Milei, La Libertad Avanza (LLA), en Mendoza, sorpresivamente tuvo un giro que excede los expedientes de la justicia electoral y ahora tiene su cap\u00edtulo dentro de la justicia penal.<\/p>\n\n\n\n<p>Todo ocurri\u00f3 despu\u00e9s de la audiencia de oposici\u00f3n al pedido del sello partidario de parte de la diputada nacional\u00a0Lourdes Arrieta\u00a0que impulsa en nuestra provincia el proyecto electoral de la hermana del presidente\u00a0<strong>Javier Gerardo Milei<\/strong>.\u00a0<\/p>\n\n\n\n<p>La audiencia que se produjo este martes 14 a las 11:00 fijada por el juez Oscar Quir\u00f3s para constatar oposiciones y adhesiones a la iniciativa de la legisladora, cont\u00f3 con la participaci\u00f3n de la misma diputada libertaria y su hermano Mart\u00edn Arrieta, que es jefe de despacho en el Congreso y apoderado del partido en formaci\u00f3n junto al abogado Aldo Vinci, que los asesora en este tr\u00e1mite. Por otro lado, estuvo el presidente del Partido Dem\u00f3crata y senador provincial, Armando Magistretti quien se present\u00f3 para apoyar la iniciativa de Arrieta.<\/p>\n\n\n\n<p>Pero hubo un nuevo actor en esta serie que se desarrolla como reality pol\u00edtico:&nbsp;<strong>Dami\u00e1n C\u00f3rdoba,&nbsp;<\/strong>que se present\u00f3 a la convocatoria del juez Quir\u00f3s como congresal del Partido Libertario para presentar su oposici\u00f3n al proyecto de LLA. El detalle es que C\u00f3rdoba era hasta el lunes 13 a la noche apoderado del PL, pero cuando la dirigencia partidaria se enter\u00f3 de sus intenciones de oponerse a Arrieta entonces se decidi\u00f3 sacarle el poder y por eso termin\u00f3 present\u00e1ndose como &#8220;congresal&#8221; del partido que preside Jos\u00e9 Caviglia.<\/p>\n\n\n\n<p>En ese contexto tambi\u00e9n llam\u00f3 la atenci\u00f3n la<strong>\u00a0no oposici\u00f3n<\/strong>\u00a0al expediente de LLA oficial de parte del representante de la otra facci\u00f3n que pugna por la denominaci\u00f3n, el abogado\u00a0<strong>Alejandro Barraza.<\/strong>\u00a0Despu\u00e9s se supo que este grupo opt\u00f3 por no ir a la cita judicial porque entiende que sus argumentos ya fueron planteados en la primera audiencia del jueves 9 donde se consider\u00f3 el expediente de la LLA &#8220;blue&#8221;. En realidad qued\u00f3 flotando que puede haber una tregua en esta pulseada para dejar que la justicia defina pensando en que el proyecto de KM, m\u00e1s grande y ambicioso, puede terminar integrando al sector &#8220;blue&#8221; al final del proceso judicial que puede llegar hasta una segunda instancia (que resuelva una c\u00e1mara), si Quir\u00f3s rechaza a LLA oficial.<\/p>\n\n\n\n<p>A la salida del acto judicial en el hall del edificio del Correo Argentino, donde en el cuarto piso funciona la Secretar\u00eda Electoral, C\u00f3rdoba y el abogado patrocinante Joaqu\u00edn Faliti, junto a otras personas vinculadas con el partido. Expusieron sus intenciones de impedir el tr\u00e1nsito del expediente de Arrieta y por car\u00e1cter transitivo el de Barraza. Lo hicieron argumentando que no pod\u00eda haber un partido con el nombre de La Libertad Avanza cuando el frente electoral que gan\u00f3 las elecciones el a\u00f1o pasado llevaba ese nombre. De ocurrir esto, subrayaron, se confundir\u00eda al electorado.\u00a0<\/p>\n\n\n\n<p>El contexto y el choque<\/p>\n\n\n\n<p>Aquella explicaci\u00f3n de los libertarios ofendidos del PL fue lo formal y esgrimida para el juez. Lo que ocurri\u00f3 despu\u00e9s transparent\u00f3 la tensi\u00f3n y el encono que se percibe entre las filas libertarias relacionadas con el partido liberal, quienes participaron y compartieron la campa\u00f1a electoral a favor de Milei en Mendoza. Es decir entre la familia Arrieta y que particip\u00f3 con los ahora sus denunciantes, en la campa\u00f1a electoral que la llev\u00f3 a la comunicadora de Las Heras a convertirse en parlamentaria nacional.<\/p>\n\n\n\n<p>En este clima de tensi\u00f3n,&nbsp;<strong>se produjo un altercado en un caf\u00e9 cerca de la sede judicial.<\/strong>&nbsp;Los protagonistas fueron&nbsp;<strong>C\u00f3rdoba<\/strong>&nbsp;y sus amigos libertarios y los&nbsp;<strong>padres<\/strong>&nbsp;de la diputada&nbsp;<strong>Arrieta<\/strong>. El episodio termin\u00f3 en una&nbsp;<strong>denuncia penal por amenazas que radic\u00f3 el congresal libertario.&nbsp;<\/strong>&nbsp;<\/p>\n\n\n\n<p>El hecho ocurri\u00f3 el caf\u00e9\u00a0<em>Ristretto,<\/em>\u00a0ubicado en San Mart\u00edn 657 de Ciudad a las 13:00, luego de la entrevista con este medio. Se cruzaron con Tom\u00e1s Arrieta y Liliana Mercado, padre y madre de Lourdes y Mart\u00edn. Mercado confirm\u00f3 el episodio dentro del caf\u00e9,detallando que alguien que acompa\u00f1aba a C\u00f3rdoba se interpuso y avanz\u00f3 sobre ella. &#8220;Le dije que si se cre\u00eda polic\u00eda y le di un carterazo&#8221;, coment\u00f3 la mujer.\u00a0<strong>Se\u00f1al\u00f3 que C\u00f3rdoba viene agrediendo a trav\u00e9s de las redes a sus hijos y record\u00f3 que ella le hab\u00eda dado de comer durante la campa\u00f1a al ahora denunciante contra los Arrieta.\u00a0<\/strong>\u00a0La mujer de 65 a\u00f1os reiter\u00f3 varias veces que su marido de 64 a\u00f1os es un veterano de de la Guerra de Malvinas y que tiene una discapacidad\u00a0 por un cuadro postraum\u00e1tico.<\/p>\n\n\n\n<p>Este cruce violento y llamativo para quienes estaban en ese momento en el caf\u00e9 termin\u00f3 en una denuncia que C\u00f3rdoba hizo tres horas despu\u00e9s. Este es el texto que contiene la denuncia por amenazas.<\/p>\n\n\n\n<p><em>AMENAZAS. Entrando a CAFE RISTRETTO , una mujer grit\u00f3 que &#8220;se a va armar la mierda&#8221;. No supe quien dijo eso en ese momento. Una vez sentados se acerc\u00f3 la mujer a inquietar a la mesa donde est\u00e1bamos sentados por tomar un caf\u00e9 y propin\u00f3 unos insultos y amenazas dirigidas directamente mi: &#8220;sos una mierda sos un hijo de punta ladr\u00f3n ya vas a cagar&#8221; a lo que se le suma un hombre por el otro lado con la misma intenci\u00f3n y modos: &#8220;sos un hijo de puta donde te encuentre en la calle te voy hacer cagar te voy a matar&#8221; (y dijo algo m\u00e1s de las &#8220;redes&#8221;). Nos alertamos, me par\u00e9. Las personas que me acompa\u00f1aban se pararon. Uno de mis acompa\u00f1antes se interpuso para evitar el contacto. Luego, los agresores siguieron gritando desde m\u00e1s lejos hasta que decidieron ellos abandonar el lugar. No reaccion\u00e9 de ninguna manera. Los agresores son Tom\u00e1s Arrieta y Liliana Mercado, padres de la Diputada Nacional Lourdes Arrieta.\u00a0 \u00a0<\/em><\/p>\n\n\n\n<p>FUENTE: Mendozapost.<\/p>\n","protected":false},"excerpt":{"rendered":"<p>La historia de la gestaci\u00f3n del partido de\u00a0Karina Milei, La Libertad Avanza (LLA), en Mendoza, sorpresivamente tuvo un giro que excede los expedientes de la justicia electoral y ahora tiene su cap\u00edtulo dentro de la justicia penal. Todo ocurri\u00f3 despu\u00e9s de la audiencia de oposici\u00f3n al pedido del sello partidario de parte de la diputada [&hellip;]<\/p>\n","protected":false},"author":2,"featured_media":7549,"comment_status":"open","ping_status":"open","sticky":true,"template":"","format":"standard","meta":[],"categories":[47],"tags":[],"_links":{"self":[{"href":"https:\/\/pasaenmendoza.com\/index.php?rest_route=\/wp\/v2\/posts\/7548"}],"collection":[{"href":"https:\/\/pasaenmendoza.com\/index.php?rest_route=\/wp\/v2\/posts"}],"about":[{"href":"https:\/\/pasaenmendoza.com\/index.php?rest_route=\/wp\/v2\/types\/post"}],"author":[{"embeddable":true,"href":"https:\/\/pasaenmendoza.com\/index.php?rest_route=\/wp\/v2\/users\/2"}],"replies":[{"embeddable":true,"href":"https:\/\/pasaenmendoza.com\/index.php?rest_route=%2Fwp%2Fv2%2Fcomments&post=7548"}],"version-history":[{"count":1,"href":"https:\/\/pasaenmendoza.com\/index.php?rest_route=\/wp\/v2\/posts\/7548\/revisions"}],"predecessor-version":[{"id":7550,"href":"https:\/\/pasaenmendoza.com\/index.php?rest_route=\/wp\/v2\/posts\/7548\/revisions\/7550"}],"wp:featuredmedia":[{"embeddable":true,"href":"https:\/\/pasaenmendoza.com\/index.php?rest_route=\/wp\/v2\/media\/7549"}],"wp:attachment":[{"href":"https:\/\/pasaenmendoza.com\/index.php?rest_route=%2Fwp%2Fv2%2Fmedia&parent=7548"}],"wp:term":[{"taxonomy":"category","embeddable":true,"href":"https:\/\/pasaenmendoza.com\/index.php?rest_route=%2Fwp%2Fv2%2Fcategories&post=7548"},{"taxonomy":"post_tag","embeddable":true,"href":"https:\/\/pasaenmendoza.com\/index.php?rest_route=%2Fwp%2Fv2%2Ftags&post=7548"}],"curies":[{"name":"wp","href":"https:\/\/api.w.org\/{rel}","templated":true}]}}