{"id":7551,"date":"2024-05-15T14:36:33","date_gmt":"2024-05-15T12:36:33","guid":{"rendered":"https:\/\/pasaenmendoza.com\/?p=7551"},"modified":"2024-05-15T14:36:34","modified_gmt":"2024-05-15T12:36:34","slug":"mendocinos-y-la-ley-bases-juri-y-suarez-profundizan-su-apoyo-mientras-sagasti-busca-aliados-para-resistir","status":"publish","type":"post","link":"https:\/\/pasaenmendoza.com\/?p=7551","title":{"rendered":"Mendocinos y la Ley Bases: Juri y Suarez profundizan su apoyo mientras Sagasti busca aliados para resistir"},"content":{"rendered":"\n<p>C\u00f3mo trabajan los tres referentes de la provincia ante el proyecto de Milei. El martes se esperaban los primeros dict\u00e1menes, pero el tema se pospuso<\/p>\n\n\n\n<p>En el\u00a0<strong>Senado<\/strong>\u00a0de la\u00a0<strong>Naci\u00f3n<\/strong>\u00a0es casi un hecho que la\u00a0<strong>Ley Bases<\/strong>\u00a0volver\u00e1 a Diputados. Lo saben en la oposici\u00f3n, en las bancadas dialoguistas y en el mism\u00edsimo oficialismo. En ese marco y en medio de febriles negociaciones en torno al proyecto, los tres mendocinos de la\u00a0<strong>C\u00e1mara Alta<\/strong>\u00a0trabajan sobre los art\u00edculos, y van desde el apoyo total hasta negociar algunas modificaciones. Son los radicales\u00a0<strong>Mariana Juri<\/strong>\u00a0y\u00a0<strong>Rodolfo Suarez<\/strong>\u00a0y la peronista\u00a0<strong>Anabel Fern\u00e1ndez Sagasti.<\/strong>\u00a0Los detalles de esos movimientos.<\/p>\n\n\n\n<p>La jornada<strong>&nbsp;del martes no fue tranquila: en primer lugar porque se est\u00e1 confirmando que el oficialismo no lograr\u00e1 imponer su Ley Bases<\/strong>&nbsp;tal como sali\u00f3 de Diputados, lo cual es relativamente medido como una derrota. En segundo lugar, porque hubo bastante trabajo en las tres comisiones que se reunieron a discutir el proyecto este martes y un&nbsp;<strong>incesante desfile de disertantes<\/strong>.<\/p>\n\n\n\n<p>Casi todos estos, entre los que se destacaron los l\u00edderes sindicales H\u00e9ctor Daer y Hugo Yasky (de la CGT y la CTA, respectivamente) fueron impuestos por el bloque de<strong>&nbsp;Uni\u00f3n por la Patria,&nbsp;<\/strong>en una jugada que los otros espacios leyeron simplemente como dilatoria. Como si fuera poco, al mismo tiempo a los senadores les toc\u00f3 los cuestionarios y la recepci\u00f3n listos para la visita del jefe de Gabinete, que este mi\u00e9rcoles a la ma\u00f1ana disertar\u00e1 en el Congreso.<\/p>\n\n\n\n<p><strong>&#8220;Claro, viene Posse, entonces al mismo tiempo en que estamos haciendo todo el an\u00e1lisis del proyecto, tuvimos reuni\u00f3n de Labor Parlamentaria para preparar lo<\/strong>\u00a0<strong>que ser\u00e1 su presentaci\u00f3n&#8221;,\u00a0<\/strong>dijeron\u00a0desde las sillas de los mendocinos de la UCR, este martes por la tarde.<\/p>\n\n\n\n<p>La tarea de ambos,<strong>\u00a0Juri y el exgobernador Suarez<\/strong>, es respaldar la ley mile\u00edsta: desde Mendoza,\u00a0<strong>Cornejo<\/strong>\u00a0propuso su apoyo casi total a la idea del Presidente, pero entre los radicales de la c\u00e1mara hay ganas de negociar algunas modificaciones. Eso estar\u00eda\u00a0<strong>empezando a permear\u00a0<\/strong>tambi\u00e9n entre los representantes de la provincia.<\/p>\n\n\n\n<p>Las modificaciones que se solicitan&nbsp;<strong>desde la bancada de la UCR est\u00e1n vinculadas a al menos dos temas: algunos puntos del blanqueo de capitales y la reforma laboral,<\/strong>&nbsp;a la que ciertos senadores uceerre\u00edstas tienen pensado agregarle peticiones m\u00e1s radicalizadas: entre otras cosas, que se recupere el art\u00edculo que elimina la obligatoriedad de dar&nbsp;<strong>aportes sindicales&nbsp;<\/strong>a casi todos los trabajadores que est\u00e9n afiliados a alguno. Esto fue eliminado antes de llevar la norma a Diputados,&nbsp;<strong>pero era una propuesta del partido centenario y parece que la quieren recuperar.<\/strong><\/p>\n\n\n\n<p>&#8220;El problema es que el oficialismo dijo que estaba abierto a modificaciones y eso puede haber sido un error.&nbsp;<strong>Ahora todos quieren dejar su huella en la ley y se arm\u00f3 un l\u00edo b\u00e1rbaro<\/strong>&#8220;, comentaron desde Buenos Aires.<\/p>\n\n\n\n<p>El apoyo est\u00e1, pero saben que otras facciones de los radicales quieren aplicar modificaciones. Entre ellos, el presidente del partido,\u00a0<strong>Mart\u00edn Lousteau<\/strong>. &#8220;M\u00e1s all\u00e1 de lo que se diga, \u00e9l no est\u00e1 tan lejos de nosotros:\u00a0<strong>tambi\u00e9n tiene ganas de que el proyecto salga<\/strong>&#8220;, confirmaron ante la consulta de este diario.<\/p>\n\n\n\n<h2 class=\"wp-block-heading\">La discusi\u00f3n qued\u00f3 para la pr\u00f3xima semana<\/h2>\n\n\n\n<p>Los planes del mile\u00edsmo parlamentario est\u00e1n cambiando<strong>. As\u00ed como es muy probable que la ley de un giro hacia Diputados<\/strong>, este martes se hizo imposible avanzar con un dictamen en comisiones, algo que cierta parte del oficialismo estaba buscando. Ahora se abrieron dos caminos: que esos despachos&nbsp;<strong>aparezcan el jueves -el mi\u00e9rcoles est\u00e1 descartado, ya que todo girar\u00e1 en torno a la visita de Posse-<\/strong>&nbsp;o que directamente se pase para la&nbsp;<strong>semana que viene.<\/strong>&nbsp;Las fuentes consultadas se inclinan por esto \u00faltimo.<\/p>\n\n\n\n<p>El asunto es que, sin dict\u00e1menes en los pr\u00f3ximos d\u00edas, todo quedar\u00e1 apretado en la<strong>\u00a0&#8220;Semana de Mayo&#8221;, que es la que antecede al s\u00e1bado 25.<\/strong>\u00a0Eso era un problema mayor hasta hace horas: el propio Milei sabe que los tiempos no est\u00e1n dando y ya dijo que el pacto con los gobernadores<strong>\u00a0puede dilatarse. Incluso asegur\u00f3 que no tiene problemas en que ocurra<\/strong>\u00a0y sea un &#8220;pacto de junio o julio&#8221;.<\/p>\n\n\n\n<p>&#8220;<strong>No hay un operador de La Libertad Avanza apostado en el Senado tratando de destrabar esto. Eso te lo puedo asegurar<\/strong>&#8220;, dijo una voz mendocina desde la C\u00e1mara Alta. Los contactos, si bien siempre ha habido &#8220;feeling&#8221; entre algunos radicales y la vicepresidenta&nbsp;<strong>Victoria Villarruel, los estar\u00eda haciendo Jos\u00e9 Rolandi,&nbsp;<\/strong>el segundo de la Jefatura de Gabinete.<\/p>\n\n\n\n<p>&#8220;Rompen con lo de las facultades delegadas, cuando sabemos que las han tenido todos:&nbsp;<strong>Cristina<\/strong>,&nbsp;<strong>Macri, Alberto<\/strong>&nbsp;y&nbsp;<strong>N\u00e9stor Kirchner&#8221;,<\/strong>&nbsp;siguieron desde la bancada radical donde est\u00e1n los dos referentes del gobierno mendocino. Adem\u00e1s de la&nbsp;<strong>Ley Bases se est\u00e1 discutiendo el paquete fiscal<\/strong>. Ah\u00ed, los dos est\u00e1n profundamente a favor de la vuelta de Ganancias, que adem\u00e1s es un pedido que ha hecho Cornejo, entre otros gobernadores, por lo que significa en&nbsp;<strong>t\u00e9rminos de coparticipaci\u00f3n para las arcas de Mendoza.<\/strong><\/p>\n\n\n\n<p>&#8220;No s\u00f3lo eso. Este gobierno nacional sabe que tiene que<strong>\u00a0reimponer Ganancias. Les sirve a ellos y tambi\u00e9n se los ha marcado el propio FMI<\/strong>. El mundo entero paga este impuesto&#8221;, hab\u00eda dicho d\u00edas atr\u00e1s una de las altas figuras de esta negociaci\u00f3n.<\/p>\n\n\n\n<h2 class=\"wp-block-heading\">El peronismo &#8220;pesca&#8221; aliados entre los silvestres y parte de la UCR<\/h2>\n\n\n\n<p><strong>Anabel Fern\u00e1ndez Sagasti es la referente mendocina del peronismo en la C\u00e1mara Alta.<\/strong>\u00a0Consultada\u00a0dijo que los puntos que consideran m\u00e1s complejos de la ley, y a los cuales est\u00e1n combatiendo desde los debates en comisiones,\u00a0<strong>son el R\u00e9gimen de Incentivo para Grandes Inversiones (RIGI), los cambios del sistema previsional, las facultades delegadas y las privatizaciones.<\/strong>\u00a0Sobre esto \u00faltimo, Sagasti afirm\u00f3 que perjudican mucho a Mendoza.<\/p>\n\n\n\n<p>Lo respald\u00f3 con dos ejemplos concretos: el de<strong>\u00a0Aerol\u00edneas Argentinas, que seg\u00fan el PJ perder\u00eda conectividad\u00a0<\/strong>con algunas provincias de ser privatizada, y con otro mucho menos nombrado por estos d\u00edas: la posible privatizaci\u00f3n -al menos parcial- de\u00a0<strong>Nucleoel\u00e9ctrica SA<\/strong>, que es propiedad de\u00a0<strong>la Comisi\u00f3n Nacional de Energ\u00eda At\u00f3mica<\/strong>\u00a0y opera las centrales nucleares Atucha I y II. Asegura que perjudicar\u00eda a\u00a0<strong>IMPSA,<\/strong>\u00a0ya que la metal\u00fargica\u00a0est\u00e1 desarrollando un reactor de potencia media y baja llamado\u00a0<strong>CAREM,<\/strong>\u00a0tras un acuerdo celebrado en 2021 -el a\u00f1o de la\u00a0<strong>&#8220;estatizaci\u00f3n&#8221;<\/strong>\u00a0de la empresa.<\/p>\n\n\n\n<p>El proyecto ya lleva invertidos 650 millones de d\u00f3lares y&nbsp;<strong>requerir\u00eda unos 200 millones m\u00e1s para completarse,<\/strong>&nbsp;de acuerdo a datos oficiales;&nbsp;<strong>pero la CNEA advirti\u00f3<\/strong>&nbsp;que los nuevos desembolsos no est\u00e1n llegando y que eso los ha dejado en&nbsp;<strong>&#8220;situaci\u00f3n cr\u00edtica&#8221;,<\/strong>&nbsp;con serio riesgo de paralizar proyectos como el que est\u00e1 en manos de&nbsp;<strong>Pescarmona.<\/strong><\/p>\n\n\n\n<p>A ello, la senadora agreg\u00f3 un elemento m\u00e1s de posible da\u00f1o a Mendoza -seg\u00fan su lectura- que es el art\u00edculo 161. Ese apartado fue marcado varias veces como la puerta para que la&nbsp;<strong>flexibilizaci\u00f3n ambiental<\/strong>&nbsp;permita una intromisi\u00f3n a las autonom\u00edas provinciales en esa materia.<\/p>\n\n\n\n<p>&#8220;El INPRES (Prevenci\u00f3n S\u00edsmica), el Instituto Nacional de la Vitivinicultura y el INTI, entre otros organismos,&nbsp;<strong>pueden ser cerrados si lo quiere. En realidad, los puede cerrar, fusionar, desfinanciar; en fin, puede hacer lo que quiera si avanza la ley&#8221;,&nbsp;<\/strong>apunt\u00f3&nbsp;<strong>Sagasti.<\/strong><strong><\/strong><\/p>\n\n\n\n<p>La legisladora y el resto del peronismo est\u00e1n buscando aliados.&nbsp;<strong>Pr\u00e1cticamente son la mitad de la c\u00e1mara,&nbsp;<\/strong>pero para poder voltear la ley necesitan sumar m\u00e1s voces en contra. Han estado &#8220;cazando&#8221; en los bloques de fuerzas provinciales (que la cr\u00f3nica pol\u00edtica est\u00e1 denominando<strong>&nbsp;&#8220;silvestres&#8221; por estas horas),<\/strong>&nbsp;pero tambi\u00e9n entre algunos radicales.<\/p>\n\n\n\n<p>Antes se hablaba de que esa postura d\u00edscola pod\u00eda venir de<strong>\u00a0Lousteau, aunque ahora esa chance parece menos n\u00edtida.\u00a0<\/strong>S\u00ed hay otros nombres bastante cr\u00edticos, como el fueguino\u00a0<strong>Pablo Blanco.<\/strong><\/p>\n\n\n\n<p>FUENTE: Diariouno.com.ar <\/p>\n","protected":false},"excerpt":{"rendered":"<p>C\u00f3mo trabajan los tres referentes de la provincia ante el proyecto de Milei. El martes se esperaban los primeros dict\u00e1menes, pero el tema se pospuso En el\u00a0Senado\u00a0de la\u00a0Naci\u00f3n\u00a0es casi un hecho que la\u00a0Ley Bases\u00a0volver\u00e1 a Diputados. Lo saben en la oposici\u00f3n, en las bancadas dialoguistas y en el mism\u00edsimo oficialismo. En ese marco y en [&hellip;]<\/p>\n","protected":false},"author":2,"featured_media":7552,"comment_status":"open","ping_status":"open","sticky":true,"template":"","format":"standard","meta":[],"categories":[47],"tags":[],"_links":{"self":[{"href":"https:\/\/pasaenmendoza.com\/index.php?rest_route=\/wp\/v2\/posts\/7551"}],"collection":[{"href":"https:\/\/pasaenmendoza.com\/index.php?rest_route=\/wp\/v2\/posts"}],"about":[{"href":"https:\/\/pasaenmendoza.com\/index.php?rest_route=\/wp\/v2\/types\/post"}],"author":[{"embeddable":true,"href":"https:\/\/pasaenmendoza.com\/index.php?rest_route=\/wp\/v2\/users\/2"}],"replies":[{"embeddable":true,"href":"https:\/\/pasaenmendoza.com\/index.php?rest_route=%2Fwp%2Fv2%2Fcomments&post=7551"}],"version-history":[{"count":1,"href":"https:\/\/pasaenmendoza.com\/index.php?rest_route=\/wp\/v2\/posts\/7551\/revisions"}],"predecessor-version":[{"id":7553,"href":"https:\/\/pasaenmendoza.com\/index.php?rest_route=\/wp\/v2\/posts\/7551\/revisions\/7553"}],"wp:featuredmedia":[{"embeddable":true,"href":"https:\/\/pasaenmendoza.com\/index.php?rest_route=\/wp\/v2\/media\/7552"}],"wp:attachment":[{"href":"https:\/\/pasaenmendoza.com\/index.php?rest_route=%2Fwp%2Fv2%2Fmedia&parent=7551"}],"wp:term":[{"taxonomy":"category","embeddable":true,"href":"https:\/\/pasaenmendoza.com\/index.php?rest_route=%2Fwp%2Fv2%2Fcategories&post=7551"},{"taxonomy":"post_tag","embeddable":true,"href":"https:\/\/pasaenmendoza.com\/index.php?rest_route=%2Fwp%2Fv2%2Ftags&post=7551"}],"curies":[{"name":"wp","href":"https:\/\/api.w.org\/{rel}","templated":true}]}}