{"id":7560,"date":"2024-05-15T16:52:42","date_gmt":"2024-05-15T14:52:42","guid":{"rendered":"https:\/\/pasaenmendoza.com\/?p=7560"},"modified":"2024-05-15T16:52:43","modified_gmt":"2024-05-15T14:52:43","slug":"detuvieron-a-un-mendocino-en-neuquen-tenia-6-pedidos-de-captura","status":"publish","type":"post","link":"https:\/\/pasaenmendoza.com\/?p=7560","title":{"rendered":"Detuvieron a un mendocino en Neuqu\u00e9n: ten\u00eda 6 pedidos de captura"},"content":{"rendered":"\n<p>Un\u00a0<strong>mendocino<\/strong>\u00a0que era buscado en cuatro provincias diferentes de Argentina, fue\u00a0<strong>detenido<\/strong>\u00a0este martes en\u00a0<strong>Neuqu\u00e9n<\/strong>. El sujeto, oriundo de\u00a0<strong>San Rafae<\/strong>l, ten\u00eda\u00a0<strong>6 pedidos de captura<\/strong>\u00a0por causas pendientes con la Justicia nacional.<\/p>\n\n\n\n<p>El hombre tiene 38 a\u00f1os y cay\u00f3 en la zona conocida como &#8220;el bajo&#8221; de la capital neuquina, cuando fue detenido en un control de rutina. Al cargar sus datos en el sistema, la Polic\u00eda se encontr\u00f3 con el frondoso prontuario, por lo que fue detenido inmediatamente.<\/p>\n\n\n\n<p>El sanrafaelino ten\u00eda en su curr\u00edculum delictivo causas por&nbsp;<strong>estafas<\/strong>,&nbsp;<strong>robo calificado&nbsp;<\/strong>y evasi\u00f3n e incumplimiento de medidas judiciales en las provincias de Mendoza, San Luis, Neuqu\u00e9n y R\u00edo Negro.<\/p>\n\n\n\n<p>El aprehendido hab\u00eda huido de dichos lugares y se encontraba en condici\u00f3n de pr\u00f3fugo. Al momento de la detenci\u00f3n, seg\u00fan testigos, estaba &#8220;deambulando&#8221; por la calle Bah\u00eda Blanca, en la intersecci\u00f3n con una bicisenda que hay en el lugar.<\/p>\n\n\n\n<p>De acuerdo al diario R\u00edo Negro, el mendocino aludi\u00f3 no tener vivienda&nbsp; ni trabajo fijo, y que hac\u00eda &#8220;changas&#8221; para sobrevivir. En ese sentido, el domicilio legal est\u00e1 asentado en Mendoza.<\/p>\n\n\n\n<p>El delincuente, de quien no trascendi\u00f3 la identidad, fue demorado y trasladado a Comisar\u00eda Segunda, quedando a disposici\u00f3n de la Justicia.<\/p>\n\n\n\n<p><strong>Fuente: www.mendozapost.com<\/strong><\/p>\n","protected":false},"excerpt":{"rendered":"<p>Un\u00a0mendocino\u00a0que era buscado en cuatro provincias diferentes de Argentina, fue\u00a0detenido\u00a0este martes en\u00a0Neuqu\u00e9n. El sujeto, oriundo de\u00a0San Rafael, ten\u00eda\u00a06 pedidos de captura\u00a0por causas pendientes con la Justicia nacional. El hombre tiene 38 a\u00f1os y cay\u00f3 en la zona conocida como &#8220;el bajo&#8221; de la capital neuquina, cuando fue detenido en un control de rutina. Al cargar [&hellip;]<\/p>\n","protected":false},"author":2,"featured_media":7561,"comment_status":"open","ping_status":"open","sticky":false,"template":"","format":"standard","meta":[],"categories":[48],"tags":[],"_links":{"self":[{"href":"https:\/\/pasaenmendoza.com\/index.php?rest_route=\/wp\/v2\/posts\/7560"}],"collection":[{"href":"https:\/\/pasaenmendoza.com\/index.php?rest_route=\/wp\/v2\/posts"}],"about":[{"href":"https:\/\/pasaenmendoza.com\/index.php?rest_route=\/wp\/v2\/types\/post"}],"author":[{"embeddable":true,"href":"https:\/\/pasaenmendoza.com\/index.php?rest_route=\/wp\/v2\/users\/2"}],"replies":[{"embeddable":true,"href":"https:\/\/pasaenmendoza.com\/index.php?rest_route=%2Fwp%2Fv2%2Fcomments&post=7560"}],"version-history":[{"count":1,"href":"https:\/\/pasaenmendoza.com\/index.php?rest_route=\/wp\/v2\/posts\/7560\/revisions"}],"predecessor-version":[{"id":7562,"href":"https:\/\/pasaenmendoza.com\/index.php?rest_route=\/wp\/v2\/posts\/7560\/revisions\/7562"}],"wp:featuredmedia":[{"embeddable":true,"href":"https:\/\/pasaenmendoza.com\/index.php?rest_route=\/wp\/v2\/media\/7561"}],"wp:attachment":[{"href":"https:\/\/pasaenmendoza.com\/index.php?rest_route=%2Fwp%2Fv2%2Fmedia&parent=7560"}],"wp:term":[{"taxonomy":"category","embeddable":true,"href":"https:\/\/pasaenmendoza.com\/index.php?rest_route=%2Fwp%2Fv2%2Fcategories&post=7560"},{"taxonomy":"post_tag","embeddable":true,"href":"https:\/\/pasaenmendoza.com\/index.php?rest_route=%2Fwp%2Fv2%2Ftags&post=7560"}],"curies":[{"name":"wp","href":"https:\/\/api.w.org\/{rel}","templated":true}]}}