{"id":7569,"date":"2024-05-15T22:34:11","date_gmt":"2024-05-15T20:34:11","guid":{"rendered":"https:\/\/pasaenmendoza.com\/?p=7569"},"modified":"2024-05-15T22:34:12","modified_gmt":"2024-05-15T20:34:12","slug":"electronica-al-ritmo-de-waff-y-vinos-en-el-espacio-arizu","status":"publish","type":"post","link":"https:\/\/pasaenmendoza.com\/?p=7569","title":{"rendered":"Electr\u00f3nica al ritmo de wAFF y vinos en el Espacio Arizu"},"content":{"rendered":"\n<p>Una nueva experiencia har\u00e1 vibrar el atardecer de Godoy Cruz, en su mes aniversario. La remodelada nave de la ex Bodega&nbsp;<strong>Arizu&nbsp;<\/strong>abrir\u00e1 sus puertas a una propuesta art\u00edstica de primer nivel, con Djs locales y la visita internacional del artista&nbsp;<strong>wAFF<\/strong>. El evento se realizar\u00e1 este domingo, es para mayores de 21 a\u00f1os y comenzar\u00e1 a las 17. &nbsp;<\/p>\n\n\n\n<p>El p\u00fablico podr\u00e1 disfrutar de una degustaci\u00f3n con distintas etiquetas y varietales, provenientes de reconocidas bodegas locales.<\/p>\n\n\n\n<p>Los tickets ya est\u00e1n disponibles para la compra de manera online, a trav\u00e9s de\u00a0https:\/\/bit.ly\/EntradasArizu\u00a0y con tu entrada vas a tener acceso a la degustaci\u00f3n.<\/p>\n\n\n\n<p>Las bodegas que ser\u00e1n parte del evento son \u201cContrabando\u201d; \u201cFinca Flichman\u201d; \u201cBodega Santa Julia\u201d; \u201cDesquiciado\u201d; \u201cBodega Vistalba\u201d; \u201cDilema\u201d y \u201cBodega Mara de Uco\u201d.<\/p>\n\n\n\n<h2 class=\"wp-block-heading\" id=\"h-la-fiesta\">La fiesta<\/h2>\n\n\n\n<p>En las bandejas, los anfitriones encender\u00e1n la pista con sus sets. Entre los cr\u00e9ditos mendocinos figura el d\u00fao Back2Groove y Alfre Merlo, el m\u00fasico y en\u00f3logo creador, junto a Mat\u00edas Fraga, de la bodega Maal.<\/p>\n\n\n\n<p>En cuanto al invitado internacional, \u00a0desembarca por primera vez en Mendoza un artista de reconocimiento mundial. Desde Inglaterra llega Waff en lo que promete convertirse en uno de los acontecimientos del a\u00f1o.<\/p>\n\n\n\n<p><strong>Fuente: www.elsol.com.ar<\/strong><\/p>\n","protected":false},"excerpt":{"rendered":"<p>Una nueva experiencia har\u00e1 vibrar el atardecer de Godoy Cruz, en su mes aniversario. La remodelada nave de la ex Bodega&nbsp;Arizu&nbsp;abrir\u00e1 sus puertas a una propuesta art\u00edstica de primer nivel, con Djs locales y la visita internacional del artista&nbsp;wAFF. El evento se realizar\u00e1 este domingo, es para mayores de 21 a\u00f1os y comenzar\u00e1 a las [&hellip;]<\/p>\n","protected":false},"author":2,"featured_media":7570,"comment_status":"open","ping_status":"open","sticky":false,"template":"","format":"standard","meta":[],"categories":[50],"tags":[],"_links":{"self":[{"href":"https:\/\/pasaenmendoza.com\/index.php?rest_route=\/wp\/v2\/posts\/7569"}],"collection":[{"href":"https:\/\/pasaenmendoza.com\/index.php?rest_route=\/wp\/v2\/posts"}],"about":[{"href":"https:\/\/pasaenmendoza.com\/index.php?rest_route=\/wp\/v2\/types\/post"}],"author":[{"embeddable":true,"href":"https:\/\/pasaenmendoza.com\/index.php?rest_route=\/wp\/v2\/users\/2"}],"replies":[{"embeddable":true,"href":"https:\/\/pasaenmendoza.com\/index.php?rest_route=%2Fwp%2Fv2%2Fcomments&post=7569"}],"version-history":[{"count":1,"href":"https:\/\/pasaenmendoza.com\/index.php?rest_route=\/wp\/v2\/posts\/7569\/revisions"}],"predecessor-version":[{"id":7571,"href":"https:\/\/pasaenmendoza.com\/index.php?rest_route=\/wp\/v2\/posts\/7569\/revisions\/7571"}],"wp:featuredmedia":[{"embeddable":true,"href":"https:\/\/pasaenmendoza.com\/index.php?rest_route=\/wp\/v2\/media\/7570"}],"wp:attachment":[{"href":"https:\/\/pasaenmendoza.com\/index.php?rest_route=%2Fwp%2Fv2%2Fmedia&parent=7569"}],"wp:term":[{"taxonomy":"category","embeddable":true,"href":"https:\/\/pasaenmendoza.com\/index.php?rest_route=%2Fwp%2Fv2%2Fcategories&post=7569"},{"taxonomy":"post_tag","embeddable":true,"href":"https:\/\/pasaenmendoza.com\/index.php?rest_route=%2Fwp%2Fv2%2Ftags&post=7569"}],"curies":[{"name":"wp","href":"https:\/\/api.w.org\/{rel}","templated":true}]}}