{"id":7572,"date":"2024-05-15T22:40:11","date_gmt":"2024-05-15T20:40:11","guid":{"rendered":"https:\/\/pasaenmendoza.com\/?p=7572"},"modified":"2024-05-15T22:40:13","modified_gmt":"2024-05-15T20:40:13","slug":"realizan-pruebas-para-habilitar-en-mendoza-la-carga-a-bordo-en-los-micros","status":"publish","type":"post","link":"https:\/\/pasaenmendoza.com\/?p=7572","title":{"rendered":"Realizan pruebas para habilitar en Mendoza la &#8220;carga a bordo&#8221; en los micros"},"content":{"rendered":"\n<p>Por estas horas, en algunos colectivos que circulan por el Gran Mendoza, se est\u00e1n haciendo\u00a0<strong>actualizaciones en las m\u00e1quinas de la tarjeta SUBE<\/strong>, porque muy pronto comenzar\u00e1 a funcionar en la provincia la &#8220;<strong>Carga a bordo&#8221;<\/strong>.<\/p>\n\n\n\n<p>\u00a0La Subsecretar\u00eda de Transporte informa que la idea es que el sistema est\u00e9 operativo<strong>\u00a0en los pr\u00f3ximos d\u00edas<\/strong>, aunque todav\u00eda no hay fecha confirmada. &#8220;S\u00ed, hay algunas validadoras nuevas en las unidades. Est\u00e1 trabajando directamente la gente de SUBE, en coordinaci\u00f3n con el Estado mendocino y las empresas prestadoras del servicio de transporte p\u00fablico&#8221;, indicaron.\u00a0<\/p>\n\n\n\n<p>&#8220;La carga a bordo es muy simple. Uno carga saldo en el tel\u00e9fono, por ejemplo, y puede validar la cifra arriba del colectivo. Es una comodidad que deber\u00eda haber estado hace much\u00edsimo tiempo. En otros lugares del pa\u00eds ya funciona, por ejemplo, en el \u00c1rea Metropolitana de Buenos Aires&#8221;.<\/p>\n\n\n\n<p>C\u00f3mo funciona &#8220;Carga a bordo&#8221;<\/p>\n\n\n\n<p>Es fundamental destacar que la implementaci\u00f3n del sistema no implica ninguna complicaci\u00f3n para los pasajeros, y se resuelve en dos simples pasos:<\/p>\n\n\n\n<p><strong>1-El usuario deber\u00e1 ingresar dinero a la tarjeta a trav\u00e9s del home banking, la app SUBE o de las billeteras virtuales habilitadas.<\/strong><\/p>\n\n\n\n<p><strong>2-Apoyar la sube en la validadora del colectivo, previo anuncio al chofer de que se realizar\u00e1 esta acci\u00f3n.<\/strong><\/p>\n\n\n\n<p>De este modo, a los usuarios del sistema p\u00fablico de pasajeros de la provincia se les va a eliminar la necesidad de validar la carga de su tarjeta en un t\u00f3tem de la red.<\/p>\n\n\n\n<p><strong>Fuente: www.mendozapost.com<\/strong><\/p>\n","protected":false},"excerpt":{"rendered":"<p>Por estas horas, en algunos colectivos que circulan por el Gran Mendoza, se est\u00e1n haciendo\u00a0actualizaciones en las m\u00e1quinas de la tarjeta SUBE, porque muy pronto comenzar\u00e1 a funcionar en la provincia la &#8220;Carga a bordo&#8221;. \u00a0La Subsecretar\u00eda de Transporte informa que la idea es que el sistema est\u00e9 operativo\u00a0en los pr\u00f3ximos d\u00edas, aunque todav\u00eda no [&hellip;]<\/p>\n","protected":false},"author":2,"featured_media":7573,"comment_status":"open","ping_status":"open","sticky":false,"template":"","format":"standard","meta":[],"categories":[80],"tags":[],"_links":{"self":[{"href":"https:\/\/pasaenmendoza.com\/index.php?rest_route=\/wp\/v2\/posts\/7572"}],"collection":[{"href":"https:\/\/pasaenmendoza.com\/index.php?rest_route=\/wp\/v2\/posts"}],"about":[{"href":"https:\/\/pasaenmendoza.com\/index.php?rest_route=\/wp\/v2\/types\/post"}],"author":[{"embeddable":true,"href":"https:\/\/pasaenmendoza.com\/index.php?rest_route=\/wp\/v2\/users\/2"}],"replies":[{"embeddable":true,"href":"https:\/\/pasaenmendoza.com\/index.php?rest_route=%2Fwp%2Fv2%2Fcomments&post=7572"}],"version-history":[{"count":1,"href":"https:\/\/pasaenmendoza.com\/index.php?rest_route=\/wp\/v2\/posts\/7572\/revisions"}],"predecessor-version":[{"id":7574,"href":"https:\/\/pasaenmendoza.com\/index.php?rest_route=\/wp\/v2\/posts\/7572\/revisions\/7574"}],"wp:featuredmedia":[{"embeddable":true,"href":"https:\/\/pasaenmendoza.com\/index.php?rest_route=\/wp\/v2\/media\/7573"}],"wp:attachment":[{"href":"https:\/\/pasaenmendoza.com\/index.php?rest_route=%2Fwp%2Fv2%2Fmedia&parent=7572"}],"wp:term":[{"taxonomy":"category","embeddable":true,"href":"https:\/\/pasaenmendoza.com\/index.php?rest_route=%2Fwp%2Fv2%2Fcategories&post=7572"},{"taxonomy":"post_tag","embeddable":true,"href":"https:\/\/pasaenmendoza.com\/index.php?rest_route=%2Fwp%2Fv2%2Ftags&post=7572"}],"curies":[{"name":"wp","href":"https:\/\/api.w.org\/{rel}","templated":true}]}}