{"id":7575,"date":"2024-05-15T22:45:18","date_gmt":"2024-05-15T20:45:18","guid":{"rendered":"https:\/\/pasaenmendoza.com\/?p=7575"},"modified":"2024-05-15T22:45:20","modified_gmt":"2024-05-15T20:45:20","slug":"atuel-la-corte-dio-10-dias-a-mendoza-para-responder-a-la-pampa","status":"publish","type":"post","link":"https:\/\/pasaenmendoza.com\/?p=7575","title":{"rendered":"Atuel: la Corte dio 10 d\u00edas a Mendoza para responder a La Pampa"},"content":{"rendered":"\n<p>La\u00a0<strong>Corte Suprema de Justicia de la Naci\u00f3n<\/strong>\u00a0emiti\u00f3 un despacho instando a Mendoza y a la Naci\u00f3n a responder en 10 d\u00edas el informe presentado por La Pampa, en el que la provincia afirma demostrar que en Mendoza &#8220;sobra agua&#8221;.\u00a0<\/p>\n\n\n\n<p>La novedad surge despu\u00e9s de una nueva presentaci\u00f3n pampeana ante el m\u00e1ximo tribunal, a fines de abril. El gobierno de La Pampa hab\u00eda dicho que se confirmaba que el r\u00edo tra\u00eda caudal suficiente para cumplir un fallo de la Corte Suprema de 2020. Esta sentencia establec\u00eda la necesidad de disponer un caudal interino constante de 3,2 m3 por segundo en el l\u00edmite interprovincial.<\/p>\n\n\n\n<p>A cuatro a\u00f1os de ese fallo, nunca cumplido, La Pampa present\u00f3 como base un estudio t\u00e9cnico en el que asegura demostrar que el r\u00edo tiene agua m\u00e1s que suficiente, lo que alienta una nueva ola de reclamos y medidas, judiciales y pol\u00edticos, por parte de la administraci\u00f3n que encabeza Sergio Ziliotto.<\/p>\n\n\n\n<p>El informe en cuesti\u00f3n fue elaborado por la porci\u00f3n pampeana del Comit\u00e9 Interprovincial del Atuel Inferior (CIAI), que integran representantes tanto de la demandante como de la demandada.<\/p>\n\n\n\n<p>&#8220;Se cae rotundamente el argumento de que el caudal del R\u00edo Atuel es deficitario: Agua hay! S\u00f3lo hace falta que Mendoza cumpla con el fallo de la Corte Suprema. No s\u00f3lo dejando correr el agua hacia La Pampa sino tambi\u00e9n aceptando que la gesti\u00f3n de la cuenca debe ser compartida y eficiente. El R\u00edo Atuel tambi\u00e9n es pampeano. Ya no hay excusas para detener su regreso definitivo&#8221;, hab\u00eda dicho el gobernador Ziliotto.<\/p>\n\n\n\n<p>Mendoza no ha acatado el fallo de la Corte amparada en el argumento de que no dispone del agua necesario para hacerlo.<\/p>\n\n\n\n<p>Qu\u00e9 dice la comunicaci\u00f3n de la Corte nacional<\/p>\n\n\n\n<p>&#8220;LA PAMPA, PROVINCIA DE c\/ MENDOZA, PROVINCIA DE s\/uso de aguas (243\/ 2014) Buenos Aires, Se agrega el escrito ingresado por el doctor Esteban Javier Conte Grand, &#8220;ACOMPA\u00d1AN INFORME &#8211; SOLICITAN&#8221;, y se lo provee: Por disposici\u00f3n del Tribunal, y sin perjuicio de lo que se decida con respecto a las cuestiones pendientes de consideraci\u00f3n, del informe acompa\u00f1ado por la Provincia de La Pampa, c\u00f3rrase traslado a la Provincia de Mendoza y al Estado Nacional por el plazo de diez (10) d\u00edas. Notif\u00edquese&#8221;, dice la comunicaci\u00f3n oficial del m\u00e1ximo organismo judicial del pa\u00eds.<\/p>\n\n\n\n<p><strong>Fuente: www.mendozapost.com<\/strong><\/p>\n","protected":false},"excerpt":{"rendered":"<p>La\u00a0Corte Suprema de Justicia de la Naci\u00f3n\u00a0emiti\u00f3 un despacho instando a Mendoza y a la Naci\u00f3n a responder en 10 d\u00edas el informe presentado por La Pampa, en el que la provincia afirma demostrar que en Mendoza &#8220;sobra agua&#8221;.\u00a0 La novedad surge despu\u00e9s de una nueva presentaci\u00f3n pampeana ante el m\u00e1ximo tribunal, a fines de [&hellip;]<\/p>\n","protected":false},"author":2,"featured_media":7576,"comment_status":"open","ping_status":"open","sticky":false,"template":"","format":"standard","meta":[],"categories":[60],"tags":[],"_links":{"self":[{"href":"https:\/\/pasaenmendoza.com\/index.php?rest_route=\/wp\/v2\/posts\/7575"}],"collection":[{"href":"https:\/\/pasaenmendoza.com\/index.php?rest_route=\/wp\/v2\/posts"}],"about":[{"href":"https:\/\/pasaenmendoza.com\/index.php?rest_route=\/wp\/v2\/types\/post"}],"author":[{"embeddable":true,"href":"https:\/\/pasaenmendoza.com\/index.php?rest_route=\/wp\/v2\/users\/2"}],"replies":[{"embeddable":true,"href":"https:\/\/pasaenmendoza.com\/index.php?rest_route=%2Fwp%2Fv2%2Fcomments&post=7575"}],"version-history":[{"count":1,"href":"https:\/\/pasaenmendoza.com\/index.php?rest_route=\/wp\/v2\/posts\/7575\/revisions"}],"predecessor-version":[{"id":7577,"href":"https:\/\/pasaenmendoza.com\/index.php?rest_route=\/wp\/v2\/posts\/7575\/revisions\/7577"}],"wp:featuredmedia":[{"embeddable":true,"href":"https:\/\/pasaenmendoza.com\/index.php?rest_route=\/wp\/v2\/media\/7576"}],"wp:attachment":[{"href":"https:\/\/pasaenmendoza.com\/index.php?rest_route=%2Fwp%2Fv2%2Fmedia&parent=7575"}],"wp:term":[{"taxonomy":"category","embeddable":true,"href":"https:\/\/pasaenmendoza.com\/index.php?rest_route=%2Fwp%2Fv2%2Fcategories&post=7575"},{"taxonomy":"post_tag","embeddable":true,"href":"https:\/\/pasaenmendoza.com\/index.php?rest_route=%2Fwp%2Fv2%2Ftags&post=7575"}],"curies":[{"name":"wp","href":"https:\/\/api.w.org\/{rel}","templated":true}]}}