{"id":7590,"date":"2024-05-16T23:30:01","date_gmt":"2024-05-16T21:30:01","guid":{"rendered":"https:\/\/pasaenmendoza.com\/?p=7590"},"modified":"2024-05-16T23:30:03","modified_gmt":"2024-05-16T21:30:03","slug":"el-hospital-pereyra-en-crisis-con-pocos-medicos-y-cada-vez-mas-pacientes-busca-un-cambio","status":"publish","type":"post","link":"https:\/\/pasaenmendoza.com\/?p=7590","title":{"rendered":"El Hospital Pereyra en crisis: con pocos m\u00e9dicos y cada vez m\u00e1s pacientes, busca un cambio"},"content":{"rendered":"\n<p>A comienzos de la d\u00e9cada del 40, el\u00a0<strong>Hospital Dr. Carlos Pereyra<\/strong>\u00a0abri\u00f3 sus puertas en Mendoza como centro para tratamientos psiqui\u00e1tricos. Posteriormente, con la incorporaci\u00f3n de diferentes profesionales, en los a\u00f1os 90 inaugur\u00f3 dos sectores de internaci\u00f3n, uno para hombres y otro para mujeres. Fue durante esa \u00e9poca que las p\u00e9simas condiciones hospitalarias, econ\u00f3micas y de higiene llevaron a las autoridades provinciales a evaluar un posible cierre.<\/p>\n\n\n\n<p>Hoy, m\u00e1s de 30 a\u00f1os despu\u00e9s, y siendo uno de los dos hospitales monovalentes de la provincia, los pasillos del Pereyra transmiten una cuota de angustia por el presente, mezclada con una dosis de optimismo por lo que vendr\u00e1, o al menos, se intentar\u00e1 alcanzar.<\/p>\n\n\n\n<p>Por motivos varios, que incluyen desde pacientes con\u00a0<strong>cuadros depresivos<\/strong>\u00a0hasta\u00a0<strong>descompensaciones<\/strong>\u00a0propias de una patolog\u00eda,<mark>\u00a0las 84 camas que tiene el hospital para internaci\u00f3n, divididas en una sala de hombres y otra de mujeres, suelen estar siempre ocupadas.\u00a0<\/mark>Para asistirlos cuentan con un total de 7 psiquiatras.<\/p>\n\n\n\n<p>Si bien desde el nosocomio reconocen que la&nbsp;<strong>demanda en salud mental crece a diario<\/strong>, la respuesta, en ocasiones, los distancia de su ideal de atenci\u00f3n. Es que, a pesar del compromiso y la voluntad de los trabajadores,<strong>&nbsp;los recursos en el Pereyra son escasos&nbsp;<\/strong>y no siempre se pueden cubrir todas las necesidades.<\/p>\n\n\n\n<p>\u201c<em>Hay una demanda que va creciendo y creciendo y el recurso para eso no va creciendo a la par.\u00a0<strong>Personal est\u00e1 faltando, es una realidad.<\/strong>\u00a0En alg\u00fan momento se pod\u00eda hablar de optimizaci\u00f3n del recurso, pero hoy falta<\/em>\u201c, asegur\u00f3\u00a0<strong>Alicia Loncarich<\/strong>, quien asumi\u00f3 la direcci\u00f3n del Hospital Pereyra semanas atr\u00e1s.<\/p>\n\n\n\n<p>Ejemplificando, la m\u00e9dica plante\u00f3 que hay&nbsp;<mark>\u201ctres psiquiatras y medio\u201d&nbsp;<\/mark>en el sector de internaci\u00f3n de hombres, espacio que habitualmente est\u00e1 completo, y aunque no precis\u00f3 el n\u00famero de profesionales que har\u00eda falta, se\u00f1al\u00f3<mark>&nbsp;\u201cnunca es suficiente\u201d para ver a todos los pacientes a diario.<\/mark><\/p>\n\n\n\n<p>En cuanto a las causas de la falta de profesionales, Loncarich aclar\u00f3 que existen distintos motivos, pero remarc\u00f3 dos aspectos:<strong>&nbsp;econom\u00eda y deseo<\/strong>.<\/p>\n\n\n\n<p>\u201c<em>Muchos se han ido (y se van) del Pereyra por lo<strong>\u00a0econ\u00f3mico; un factor que hoy es muy importante porque si no, no comes<\/strong>. Adem\u00e1s, hay otra realidad que tiene que ver con el deseo de trabajar ac\u00e1. Tenemos que plantearnos c\u00f3mo hacer para que el profesional desee venir a un lugar como este y, por otro lado, c\u00f3mo lograr que reciba una remuneraci\u00f3n acorde a lo que est\u00e1 haciendo<\/em>&#8220;.<\/p>\n\n\n\n<p>Y sum\u00f3:&nbsp;<em>\u201cLos sueldos no son los adecuados y los pacientes tambi\u00e9n necesitan de un&nbsp;<strong>profesional que tenga ganas de verlo<\/strong>.<mark>&nbsp;Hoy, haciendo consultorio particular y en un tercio del tiempo, se gana lo mismo o m\u00e1s que ac\u00e1<\/mark>\u201c.<\/em><\/p>\n\n\n\n<h2 class=\"wp-block-heading\" id=\"h-mas-de-una-decada-esperando-salir-del-hospital\">M\u00e1s de una d\u00e9cada esperando salir del hospital<\/h2>\n\n\n\n<p>Siguiendo el camino de la escasez, otro de los grandes problemas radica en la&nbsp;<mark>falta de dispositivos externos en los que puedan alojarse aquellos pacientes que son dados de alta en internaci\u00f3n y no tienen d\u00f3nde ir.<\/mark><\/p>\n\n\n\n<p>Si bien los hogares no dependen de\u00a0<strong>Salud Mental<\/strong>, desde el \u00e1rea se firman convenios para que estos lugares puedan recibir a los pacientes. Sin embargo,\u00a0<strong>por los cuadros psicop\u00e1ticos<\/strong>,\u00a0<strong>no siempre son aceptados<\/strong>\u00a0y, a pesar de que muchos inclusive cuentan con obra social, las dificultades para albergarlos persisten.<\/p>\n\n\n\n<p>Considerando que&nbsp;<mark>hay personas que permanecen hasta m\u00e1s de 15 a\u00f1os en el Pereyra&nbsp;<\/mark>por no tener un lugar en el que vivir, desde el nosocomio aseguraron que se trata de \u201cun arma compleja\u201d y mencionaron las dificultades vigentes.<\/p>\n\n\n\n<p>\u201c<em>Actualmente, en la sala de hombres&nbsp;<strong>hay 16 pacientes que est\u00e1n, hace un a\u00f1o o m\u00e1s, a la espera de un hogar<\/strong>. Hay dificultades en los espacios de afuera y se necesita una articulaci\u00f3n con efectores externos para que puedan ir las personas que ya no tienen criterio de internaci\u00f3n<\/em>\u201c, afirm\u00f3 Loncarich.<\/p>\n\n\n\n<p>\u201cEs un arma compleja que est\u00e9n tanto tiempo. Se los cuida, se los acompa\u00f1a, pero&nbsp;<strong>a veces el hospital empieza a transformarse en su casa&nbsp;<\/strong>y dificulta que el paciente pueda irse. Por esto, debemos hacer un trabajo lento para que la persona se acostumbre a estar en otro espacio\u201d, agreg\u00f3.<\/p>\n\n\n\n<h2 class=\"wp-block-heading\" id=\"h-un-dia-en-el-pereyra\">Un d\u00eda en el Pereyra<\/h2>\n\n\n\n<p>La vida de los pacientes internados en el hospital psiqui\u00e1trico ubicado en Ciudad var\u00eda seg\u00fan necesidades y decisiones propias. Siguiendo una rutina, la persona se levanta, desayuna y luego puede acceder&nbsp;<strong>de forma voluntaria<\/strong>&nbsp;a distintos talleres recreativos.<\/p>\n\n\n\n<p>Conforme avanza el d\u00eda, el paciente recibe atenci\u00f3n profesional, con una serie de entrevistas seg\u00fan cada caso.<\/p>\n\n\n\n<p>En determinado horario y con ciertas reglas, tambi\u00e9n pueden contar con la\u00a0<strong>visita de sus familiares o afectos<\/strong>, quienes adem\u00e1s son citados por los especialistas para trabajar en conjunto con el paciente.<\/p>\n\n\n\n<p>Consultada por la actualidad del hospital y su atenci\u00f3n, Loncarich reconoci\u00f3 que hay mucho trabajo por delante.<\/p>\n\n\n\n<p>\u201c<em>Tenemos mucho que modificar. Por un lado, el trabajo que se hace con cada paciente, teniendo en cuenta que el personal no alcanza para que todos sean vistos a diario; y por otro, la parte edilicia. En este sentido,\u00a0<mark>se necesitan muchos cambios para lograr un ambiente m\u00e1s saludable<\/mark>. Hemos empezado a cambiar varios aspectos, pero hay cosas para sumar y refuncionalizar<\/em>\u201c, cerr\u00f3 la nueva directora del Pereyra.<\/p>\n\n\n\n<p><strong>Fuente: www.elsol.com.ar<\/strong><\/p>\n","protected":false},"excerpt":{"rendered":"<p>A comienzos de la d\u00e9cada del 40, el\u00a0Hospital Dr. Carlos Pereyra\u00a0abri\u00f3 sus puertas en Mendoza como centro para tratamientos psiqui\u00e1tricos. Posteriormente, con la incorporaci\u00f3n de diferentes profesionales, en los a\u00f1os 90 inaugur\u00f3 dos sectores de internaci\u00f3n, uno para hombres y otro para mujeres. Fue durante esa \u00e9poca que las p\u00e9simas condiciones hospitalarias, econ\u00f3micas y de [&hellip;]<\/p>\n","protected":false},"author":2,"featured_media":7591,"comment_status":"open","ping_status":"open","sticky":false,"template":"","format":"standard","meta":[],"categories":[58],"tags":[],"_links":{"self":[{"href":"https:\/\/pasaenmendoza.com\/index.php?rest_route=\/wp\/v2\/posts\/7590"}],"collection":[{"href":"https:\/\/pasaenmendoza.com\/index.php?rest_route=\/wp\/v2\/posts"}],"about":[{"href":"https:\/\/pasaenmendoza.com\/index.php?rest_route=\/wp\/v2\/types\/post"}],"author":[{"embeddable":true,"href":"https:\/\/pasaenmendoza.com\/index.php?rest_route=\/wp\/v2\/users\/2"}],"replies":[{"embeddable":true,"href":"https:\/\/pasaenmendoza.com\/index.php?rest_route=%2Fwp%2Fv2%2Fcomments&post=7590"}],"version-history":[{"count":1,"href":"https:\/\/pasaenmendoza.com\/index.php?rest_route=\/wp\/v2\/posts\/7590\/revisions"}],"predecessor-version":[{"id":7592,"href":"https:\/\/pasaenmendoza.com\/index.php?rest_route=\/wp\/v2\/posts\/7590\/revisions\/7592"}],"wp:featuredmedia":[{"embeddable":true,"href":"https:\/\/pasaenmendoza.com\/index.php?rest_route=\/wp\/v2\/media\/7591"}],"wp:attachment":[{"href":"https:\/\/pasaenmendoza.com\/index.php?rest_route=%2Fwp%2Fv2%2Fmedia&parent=7590"}],"wp:term":[{"taxonomy":"category","embeddable":true,"href":"https:\/\/pasaenmendoza.com\/index.php?rest_route=%2Fwp%2Fv2%2Fcategories&post=7590"},{"taxonomy":"post_tag","embeddable":true,"href":"https:\/\/pasaenmendoza.com\/index.php?rest_route=%2Fwp%2Fv2%2Ftags&post=7590"}],"curies":[{"name":"wp","href":"https:\/\/api.w.org\/{rel}","templated":true}]}}