{"id":7593,"date":"2024-05-16T23:32:39","date_gmt":"2024-05-16T21:32:39","guid":{"rendered":"https:\/\/pasaenmendoza.com\/?p=7593"},"modified":"2024-05-16T23:32:40","modified_gmt":"2024-05-16T21:32:40","slug":"luz-y-gas-el-gobierno-analiza-postergar-los-aumentos-por-todo-el-invierno","status":"publish","type":"post","link":"https:\/\/pasaenmendoza.com\/?p=7593","title":{"rendered":"Luz y gas: el Gobierno analiza postergar los aumentos por todo el invierno"},"content":{"rendered":"\n<p>El&nbsp;<strong>Ministerio de Econom\u00eda<\/strong>&nbsp;a cargo de<strong>&nbsp;Luis Caputo&nbsp;<\/strong><mark>estudia la posibilidad de retrasar los aumentos de&nbsp;<strong>luz&nbsp;<\/strong>y&nbsp;<strong>gas<\/strong>&nbsp;durante todo el invierno<\/mark>, momento de mayor consumo y m\u00e1s costos para el sistema.<\/p>\n\n\n\n<p>La idea es&nbsp;<mark>apuntalar la desacelaraci\u00f3n de la&nbsp;<strong>inflaci\u00f3n<\/strong>&nbsp;y que los nuevos cuadros de&nbsp;<strong>tarifas&nbsp;<\/strong>impacten en el bolsillo de los usuarios.<\/mark>&nbsp;El Gobierno considera que tiene un mayor margen fiscal para tomar la decisi\u00f3n.<\/p>\n\n\n\n<p>La posibilidad fue confirmada por el vocero presidencial&nbsp;<strong>Manuel Adorni<\/strong>.<\/p>\n\n\n\n<p>\u201c<em>A\u00fan no tomamos ninguna determinaci\u00f3n todav\u00eda, pero puede ocurrir. Cuando ten\u00e9s super\u00e1vit fiscal pod\u00e9s dosificar como debe recaer el peso del ajuste en determinados sectores de la sociedad y no ponerles una espada en el cuello, por decirlo de alguna manera<\/em>\u201c, explic\u00f3.<\/p>\n\n\n\n<p>Hasta el momento, Caputo ha decidido postergar los aumentos mensuales en&nbsp;<strong>luz<\/strong>&nbsp;y<strong>&nbsp;gas&nbsp;<\/strong>para mayo. Tambi\u00e9n se aplaz\u00f3 el aumento en el impuesto a los&nbsp;<strong>combustibles l\u00edquidos<\/strong>, que tiene un impacto directo en los precios de&nbsp;<strong>nafta<\/strong>&nbsp;y gasoil en surtidor.<\/p>\n\n\n\n<p>La medida asoma luego de que el&nbsp;<strong>Indec<\/strong>&nbsp;confirm\u00f3 que el \u00edndice de inflaci\u00f3n de abril fue de 8,8%, la primera cifra con un d\u00edgito desde octubre y tras la devaluaci\u00f3n de diciembre. A su vez, el organismo de estad\u00edsticas relev\u00f3 el mes anterior un salto del 35% en los precios de los servicios p\u00fablicos.<\/p>\n\n\n\n<p>Con esto, el Gobierno busca que el IPC de mayo consolide esta desaceleraci\u00f3n.<\/p>\n\n\n\n<p><strong>Fuente: www.elsol.com.ar<\/strong><\/p>\n","protected":false},"excerpt":{"rendered":"<p>El&nbsp;Ministerio de Econom\u00eda&nbsp;a cargo de&nbsp;Luis Caputo&nbsp;estudia la posibilidad de retrasar los aumentos de&nbsp;luz&nbsp;y&nbsp;gas&nbsp;durante todo el invierno, momento de mayor consumo y m\u00e1s costos para el sistema. La idea es&nbsp;apuntalar la desacelaraci\u00f3n de la&nbsp;inflaci\u00f3n&nbsp;y que los nuevos cuadros de&nbsp;tarifas&nbsp;impacten en el bolsillo de los usuarios.&nbsp;El Gobierno considera que tiene un mayor margen fiscal para tomar la [&hellip;]<\/p>\n","protected":false},"author":2,"featured_media":7594,"comment_status":"open","ping_status":"open","sticky":false,"template":"","format":"standard","meta":[],"categories":[75],"tags":[],"_links":{"self":[{"href":"https:\/\/pasaenmendoza.com\/index.php?rest_route=\/wp\/v2\/posts\/7593"}],"collection":[{"href":"https:\/\/pasaenmendoza.com\/index.php?rest_route=\/wp\/v2\/posts"}],"about":[{"href":"https:\/\/pasaenmendoza.com\/index.php?rest_route=\/wp\/v2\/types\/post"}],"author":[{"embeddable":true,"href":"https:\/\/pasaenmendoza.com\/index.php?rest_route=\/wp\/v2\/users\/2"}],"replies":[{"embeddable":true,"href":"https:\/\/pasaenmendoza.com\/index.php?rest_route=%2Fwp%2Fv2%2Fcomments&post=7593"}],"version-history":[{"count":1,"href":"https:\/\/pasaenmendoza.com\/index.php?rest_route=\/wp\/v2\/posts\/7593\/revisions"}],"predecessor-version":[{"id":7595,"href":"https:\/\/pasaenmendoza.com\/index.php?rest_route=\/wp\/v2\/posts\/7593\/revisions\/7595"}],"wp:featuredmedia":[{"embeddable":true,"href":"https:\/\/pasaenmendoza.com\/index.php?rest_route=\/wp\/v2\/media\/7594"}],"wp:attachment":[{"href":"https:\/\/pasaenmendoza.com\/index.php?rest_route=%2Fwp%2Fv2%2Fmedia&parent=7593"}],"wp:term":[{"taxonomy":"category","embeddable":true,"href":"https:\/\/pasaenmendoza.com\/index.php?rest_route=%2Fwp%2Fv2%2Fcategories&post=7593"},{"taxonomy":"post_tag","embeddable":true,"href":"https:\/\/pasaenmendoza.com\/index.php?rest_route=%2Fwp%2Fv2%2Ftags&post=7593"}],"curies":[{"name":"wp","href":"https:\/\/api.w.org\/{rel}","templated":true}]}}