{"id":7596,"date":"2024-05-16T23:37:42","date_gmt":"2024-05-16T21:37:42","guid":{"rendered":"https:\/\/pasaenmendoza.com\/?p=7596"},"modified":"2024-05-16T23:37:43","modified_gmt":"2024-05-16T21:37:43","slug":"la-uncuyo-y-otras-59-universidades-del-pais-se-quedaron-afuera-del-arreglo-que-hizo-la-uba","status":"publish","type":"post","link":"https:\/\/pasaenmendoza.com\/?p=7596","title":{"rendered":"La UNCuyo y otras 59 universidades del pa\u00eds se quedaron afuera del arreglo que hizo la UBA"},"content":{"rendered":"\n<p>El gobierno de\u00a0<strong>Javier Milei<\/strong>\u00a0lleg\u00f3 este mi\u00e9rcoles a un acuerdo presupuestario con la\u00a0<strong>Universidad de Buenos Aires (UBA)<\/strong>\u00a0para actualizar al 270% el presupuesto para gastos de funcionamiento y al 300% los fondos destinados a los hospitales que dependen de esa casa de altos estudios. As\u00ed estall\u00f3 la pol\u00e9mica dentro del Consejo Interuniversitario Nacional (CIN), que incluye a la\u00a0<strong>UNCuyo.<\/strong><\/p>\n\n\n\n<p>La rectora de la\u00a0<strong>UNCuyo<\/strong>, Esther Sanchez, se encuentra actualmente reunida con el Comit\u00e9 Ejecutivo del CIN, trabajando en esta tem\u00e1tica despu\u00e9s de conocerse la inesperada noticia.<\/p>\n\n\n\n<p>Por el momento, lo que han enviado es un comunicado en el que exigen el mismo trato para las 60 universidades p\u00fablicas del pa\u00eds que integran este consejo.<\/p>\n\n\n\n<h2 class=\"wp-block-heading\">El comunicado del Consejo Interuniversitario Nacional que incluye a la UNCuyo<\/h2>\n\n\n\n<p>En la declaraci\u00f3n conjunta, desde el CIN manifiestaron que &#8220;Resulta inadmisible y provocador que se reconozca solo para una universidad y no para la totalidad del sistema que re\u00fane a un conjunto de 60 universidades a lo largo y a lo ancho de todo el pa\u00eds, que representan a dos millones de estudiantes de las universidades argentinas&#8221;.<\/p>\n\n\n\n<p>Tambi\u00e9n se\u00f1alaron que no van a aceptar que existan &#8220;estudiantes de primera y de segunda&#8221;.<\/p>\n\n\n\n<p>Inmediatamente agregaron que, habiendo el gobierno confirmado con sus actos que los recursos est\u00e1n, exigen una pronta resoluci\u00f3n que&nbsp;<strong>garantice un incremento igual al otorgado a la Universidad de Buenos Aires para todas las universidades p\u00fablicas de la Naci\u00f3n.<\/strong><\/p>\n\n\n\n<p>Adem\u00e1s, aseveraron que seguir\u00e1n pidiendo la apertura de paritarias para los trabajadores de las universidades p\u00fablicas, buscando una recomposici\u00f3n del poder adquisitivo del salario.<\/p>\n\n\n\n<p>Tambi\u00e9n bregar\u00e1n por el sostenimiento y el fortalecimiento del sistema cient\u00edfico y tecnol\u00f3gico, la actualizaci\u00f3n del monto destinado a becas estudiantiles y la recuperaci\u00f3n de las obras de infraestructura hoy paralizadas.<\/p>\n\n\n\n<p>&#8220;Rechazamos cualquier metodolog\u00eda que promueva la divisi\u00f3n entre universidades y dentro de las universidades. No convalidaremos ning\u00fan intento de divisi\u00f3n, ni priorizaremos nunca ning\u00fan atajo. El Consejo Interuniversitario Nacional (CIN) no resigna lo que cree. No es solo un problema de recursos, es tambi\u00e9n de principios&#8221;, sostuvieron.<\/p>\n\n\n\n<p>La opini\u00f3n de la rectora de la UNCuyo<\/p>\n\n\n\n<p>Esther Sanchez, quien se encuentra en Buenos Aires, sesionando con el Comit\u00e9 Ejecutivo del CIN, manifest\u00f3 que &#8220;parecer\u00eda que no se tiene en cuenta que somos una Rep\u00fablica Federal, ya que a la hora de responder, solo se tiene en cuenta a la Universidad de Buenos Aires y no al resto&#8221;.<\/p>\n\n\n\n<p>Adem\u00e1s, dijo que del total de estudiantes de todas las universidades p\u00fablicas del pa\u00eds -aproximadamente 2 millones- solo se le ha resuelto la situaci\u00f3n al 15% -unos 300.000- que conforman el plantel de la UBA.<\/p>\n\n\n\n<p>El 85% restante, son tratados como estudiantes de segunda categor\u00eda&#8221;, <strong>El 85% restante, son tratados como estudiantes de segunda categor\u00eda&#8221;,<\/strong> asegur\u00f3 la rectora.<\/p>\n\n\n\n<p>y agreg\u00f3 &#8220;queremos di\u00e1logo, pero tambi\u00e9n exigimos un tratamiento igualitario&#8221;.<\/p>\n\n\n\n<h2 class=\"wp-block-heading\">Sesi\u00f3n permanente del CIN<\/h2>\n\n\n\n<p>El Consejo Interuniversitario Argentino, cuya sede se encuentra en la CABA, resolvi\u00f3 quedar en sesi\u00f3n permanente a la espera de una respuesta urgente a esta solicitud.<\/p>\n\n\n\n<p>&#8220;Si no la hubiera, definiremos las acciones a seguir en defensa de la Universidad P\u00fablica Argentina&#8221;, aseguraron desde el CIN.<\/p>\n\n\n\n<p><strong>Fuente: www.diariouno.com.ar<\/strong><\/p>\n","protected":false},"excerpt":{"rendered":"<p>El gobierno de\u00a0Javier Milei\u00a0lleg\u00f3 este mi\u00e9rcoles a un acuerdo presupuestario con la\u00a0Universidad de Buenos Aires (UBA)\u00a0para actualizar al 270% el presupuesto para gastos de funcionamiento y al 300% los fondos destinados a los hospitales que dependen de esa casa de altos estudios. As\u00ed estall\u00f3 la pol\u00e9mica dentro del Consejo Interuniversitario Nacional (CIN), que incluye a [&hellip;]<\/p>\n","protected":false},"author":2,"featured_media":7598,"comment_status":"open","ping_status":"open","sticky":false,"template":"","format":"standard","meta":[],"categories":[56],"tags":[],"_links":{"self":[{"href":"https:\/\/pasaenmendoza.com\/index.php?rest_route=\/wp\/v2\/posts\/7596"}],"collection":[{"href":"https:\/\/pasaenmendoza.com\/index.php?rest_route=\/wp\/v2\/posts"}],"about":[{"href":"https:\/\/pasaenmendoza.com\/index.php?rest_route=\/wp\/v2\/types\/post"}],"author":[{"embeddable":true,"href":"https:\/\/pasaenmendoza.com\/index.php?rest_route=\/wp\/v2\/users\/2"}],"replies":[{"embeddable":true,"href":"https:\/\/pasaenmendoza.com\/index.php?rest_route=%2Fwp%2Fv2%2Fcomments&post=7596"}],"version-history":[{"count":1,"href":"https:\/\/pasaenmendoza.com\/index.php?rest_route=\/wp\/v2\/posts\/7596\/revisions"}],"predecessor-version":[{"id":7599,"href":"https:\/\/pasaenmendoza.com\/index.php?rest_route=\/wp\/v2\/posts\/7596\/revisions\/7599"}],"wp:featuredmedia":[{"embeddable":true,"href":"https:\/\/pasaenmendoza.com\/index.php?rest_route=\/wp\/v2\/media\/7598"}],"wp:attachment":[{"href":"https:\/\/pasaenmendoza.com\/index.php?rest_route=%2Fwp%2Fv2%2Fmedia&parent=7596"}],"wp:term":[{"taxonomy":"category","embeddable":true,"href":"https:\/\/pasaenmendoza.com\/index.php?rest_route=%2Fwp%2Fv2%2Fcategories&post=7596"},{"taxonomy":"post_tag","embeddable":true,"href":"https:\/\/pasaenmendoza.com\/index.php?rest_route=%2Fwp%2Fv2%2Ftags&post=7596"}],"curies":[{"name":"wp","href":"https:\/\/api.w.org\/{rel}","templated":true}]}}