{"id":760,"date":"2023-08-17T13:27:07","date_gmt":"2023-08-17T11:27:07","guid":{"rendered":"https:\/\/pasaenmendoza.com\/?p=760"},"modified":"2023-08-17T13:27:08","modified_gmt":"2023-08-17T11:27:08","slug":"el-violento-video-del-delfin-de-orozco-para-gobernar-las-heras","status":"publish","type":"post","link":"https:\/\/pasaenmendoza.com\/?p=760","title":{"rendered":"El violento video del delf\u00edn de Orozco para gobernar Las Heras"},"content":{"rendered":"\n<p> El candidato de Orozco, Mart\u00edn Bustos, aparece diciendo que van a limpiar la basura y lo hace levantando un cartel de su contrincante Francisco Lopresti, en un gesto fuertemente agresivo y que pocos recuerdan haber visto como recurso publicitario antes en Mendoza.<\/p>\n\n\n\n<p>El secretario de Obras y Servicios P\u00fablicos de Las Heras y candidato de\u00a0<strong>Daniel Orozco\u00a0<\/strong>para sucederlo,\u00a0<strong>Mart\u00edn Bustos<\/strong>, se hizo grabar en un video simulando que trabaja personalmente en la limpieza de un predio, pero termina ensuciando la campa\u00f1a electoral en un municipio cargado de denuncias por su descontrol, entre otras cosas.<\/p>\n\n\n\n<p>Bustos, aparece diciendo que van\u00a0<strong>a limpiar la basura y lo hace levantando un cartel de su contrincante Francisco Lopresti<\/strong>, en un gesto fuertemente agresivo y que pocos recuerdan haber visto como recurso publicitario antes en Mendoza.<\/p>\n\n\n\n<p>Ya el d\u00eda anterior,\u00a0<strong>el delf\u00edn de Orozco hab\u00eda mandado a equipos comunales a descolgar la carteler\u00eda pol\u00edtica de la sede partidaria de Cambia Mendoza.<\/strong><\/p>\n\n\n\n<p>El nuevo y violento video es parte de una escalada de\u00a0<strong>La Uni\u00f3n Mendocina<\/strong>, el partido en el que Orozco se anot\u00f3 como candidato a vicegobernador de\u00a0<strong>Omar De Marchi<\/strong>, en la que pretender\u00edan mostrar un perfil &#8220;mileizado&#8221;, para colgarse del triunfo del anarcocapitalista porte\u00f1o, pero con capacidades menos desarrolladas, evidentemente.<\/p>\n\n\n\n<p>El candidato de De Marchi se defendi\u00f3 en las redes mostrando su &#8220;sangre en el ojo&#8221;: Escribi\u00f3 ante el posteo de este video: &#8220;Jajaja qu\u00e9 susceptibles est\u00e1n che. Violencia es cuando Alfredo Cornejo dijo que me faltaban capacidades para postularme. Yo solo estoy limpiando y cumpliendo con mi trabajo&#8221;.<\/p>\n\n\n\n<p>FUENTE: MEMO.com.ar<\/p>\n","protected":false},"excerpt":{"rendered":"<p>El candidato de Orozco, Mart\u00edn Bustos, aparece diciendo que van a limpiar la basura y lo hace levantando un cartel de su contrincante Francisco Lopresti, en un gesto fuertemente agresivo y que pocos recuerdan haber visto como recurso publicitario antes en Mendoza. El secretario de Obras y Servicios P\u00fablicos de Las Heras y candidato de\u00a0Daniel [&hellip;]<\/p>\n","protected":false},"author":2,"featured_media":761,"comment_status":"open","ping_status":"open","sticky":true,"template":"","format":"standard","meta":[],"categories":[47],"tags":[],"_links":{"self":[{"href":"https:\/\/pasaenmendoza.com\/index.php?rest_route=\/wp\/v2\/posts\/760"}],"collection":[{"href":"https:\/\/pasaenmendoza.com\/index.php?rest_route=\/wp\/v2\/posts"}],"about":[{"href":"https:\/\/pasaenmendoza.com\/index.php?rest_route=\/wp\/v2\/types\/post"}],"author":[{"embeddable":true,"href":"https:\/\/pasaenmendoza.com\/index.php?rest_route=\/wp\/v2\/users\/2"}],"replies":[{"embeddable":true,"href":"https:\/\/pasaenmendoza.com\/index.php?rest_route=%2Fwp%2Fv2%2Fcomments&post=760"}],"version-history":[{"count":1,"href":"https:\/\/pasaenmendoza.com\/index.php?rest_route=\/wp\/v2\/posts\/760\/revisions"}],"predecessor-version":[{"id":762,"href":"https:\/\/pasaenmendoza.com\/index.php?rest_route=\/wp\/v2\/posts\/760\/revisions\/762"}],"wp:featuredmedia":[{"embeddable":true,"href":"https:\/\/pasaenmendoza.com\/index.php?rest_route=\/wp\/v2\/media\/761"}],"wp:attachment":[{"href":"https:\/\/pasaenmendoza.com\/index.php?rest_route=%2Fwp%2Fv2%2Fmedia&parent=760"}],"wp:term":[{"taxonomy":"category","embeddable":true,"href":"https:\/\/pasaenmendoza.com\/index.php?rest_route=%2Fwp%2Fv2%2Fcategories&post=760"},{"taxonomy":"post_tag","embeddable":true,"href":"https:\/\/pasaenmendoza.com\/index.php?rest_route=%2Fwp%2Fv2%2Ftags&post=760"}],"curies":[{"name":"wp","href":"https:\/\/api.w.org\/{rel}","templated":true}]}}