{"id":7600,"date":"2024-05-16T23:42:39","date_gmt":"2024-05-16T21:42:39","guid":{"rendered":"https:\/\/pasaenmendoza.com\/?p=7600"},"modified":"2024-05-16T23:42:40","modified_gmt":"2024-05-16T21:42:40","slug":"empresarios-mendocinos-defendieron-el-tratamiento-de-la-ley-bases-en-el-senado","status":"publish","type":"post","link":"https:\/\/pasaenmendoza.com\/?p=7600","title":{"rendered":"Empresarios mendocinos defendieron el tratamiento de la Ley Bases en el Senado"},"content":{"rendered":"\n<p>Un grupo de<strong>\u00a0empresarios mendocinos\u00a0<\/strong>nucleados en seis c\u00e1maras y asociaciones salieron a defender la<strong>\u00a0Ley Bases<\/strong>\u00a0-incluido el R\u00e9gimen de Incentivo a las Grandes Inversiones (RIGI)- y a instar a los legisladores nacionales a que no traben su tratamiento en el Senado.<\/p>\n\n\n\n<p>As\u00ed expresaron en un comunicado los miembros de la C\u00e1mara de Empresarios Mendocinos<strong>&nbsp;(CEM)<\/strong>, la Asociaci\u00f3n de Cooperativas Vitivin\u00edcolas&nbsp;<strong>(Acovi)<\/strong>, La Uni\u00f3n Comercial e Industrial de Mendoza<strong>&nbsp;(UCIM)<\/strong>, Asociaci\u00f3n de Ejecutivos de Mendoza<strong>&nbsp;(AEM)<\/strong>, Uni\u00f3n Industrial de Mendoza&nbsp;<strong>(UIM)<\/strong>&nbsp;y la Asociaci\u00f3n Cristiana de Dirigentes de Empresas (ACDE).<\/p>\n\n\n\n<p><strong>Eduardo Pulenta, titular del CEM<\/strong>, argument\u00f3 los motivos por los que los titulares de empresas mendocinas vieron oportuno salir a defender el tratamiento del principal proyecto de ley del Ejecutivo nacional.<\/p>\n\n\n\n<h2 class=\"wp-block-heading\">Los empresarios que est\u00e1n a favor de la Ley Bases<\/h2>\n\n\n\n<p>Seg\u00fan manifest\u00f3 Pulenta, lo que buscan los&nbsp;<strong>empresarios mendocinos&nbsp;<\/strong>es sentar su posici\u00f3n en cuanto a los cambios positivos que, seg\u00fan aseguran, est\u00e1 produciendo el Gobierno.<\/p>\n\n\n\n<p>Por este motivo, se reunieron en una mesa de di\u00e1logo (tal y como lo hicieron los cordobeses) y decidieron expresarse a trav\u00e9s de un comunicado.<\/p>\n\n\n\n<p><strong>&#8220;Han sido meses de un gran esfuerzo para la poblaci\u00f3n como para que la Ley Bases vuelva a Diputados&#8221;, recalc\u00f3.<\/strong><\/p>\n\n\n\n<p>Para el empresario, si bien la ley puede tener puntos perfectibles, la forma en que creen que los senadores nacionales tendr\u00edan que proceder, es\u00a0<strong>aprob\u00e1ndola\u00a0<\/strong>y luego introducir las disposiciones que crean convenientes en la etapa de la reglamentaci\u00f3n de la ley.<\/p>\n\n\n\n<p>As\u00ed lo expresaron<strong>&nbsp;los dirigentes de empresas a trav\u00e9s del comunicado<\/strong>: &#8220;No s\u00f3lo son necesarias las herramientas que promueve este proyecto de ley en aspectos fiscales, econ\u00f3micos, regulatorios y administrativos, sino que su aprobaci\u00f3n ser\u00e1 una muestra de confianza y de funcionamiento de las instituciones, que permitan reconstruir la credibilidad de nuestro pa\u00eds&#8221;.<\/p>\n\n\n\n<p>Tambi\u00e9n indicaron que &#8220;<strong>es momento de que la pol\u00edtica muestre una clara se\u00f1al a los ciudadanos que lo votaron de que son capaces de ponerse de acuerdo por el bien de todos<\/strong>, lo que debe primar por encima de cualquier otro inter\u00e9s particular&#8221;.<\/p>\n\n\n\n<p>Consultado sobre las desventajas que podr\u00edan tener las&nbsp;<strong>peque\u00f1as y medianas empresas<\/strong>&nbsp;por sobre las grandes -porque de aprobarse la Ley Bases estas \u00faltimas van a contar con el&nbsp;<strong>RIGI<\/strong>&#8211; Pulenta asegur\u00f3 que&nbsp;<strong>&#8220;no vemos que esta ley vaya a perjudicar a las pymes&#8221;<\/strong>. En su opini\u00f3n suceder\u00e1 lo contrario, si la situaci\u00f3n econ\u00f3mica del pa\u00eds mejora, lo har\u00e1 para todos.<\/p>\n\n\n\n<p><strong>El RIGI consiste en dar beneficios fiscales, aduaneros y cambiarios para que las grandes firmas quieran invertir en Argentina por montos superiores a los 200 millones de U$S.<\/strong><\/p>\n\n\n\n<h2 class=\"wp-block-heading\">La FEM se meti\u00f3 en el debate<\/h2>\n\n\n\n<p>En contraste, la&nbsp;<strong>Federaci\u00f3n Econ\u00f3mica de Mendoza (FEM)<\/strong>&nbsp;-que representa a las&nbsp;<strong>pymes<\/strong>&#8211; emiti\u00f3 este jueves otro comunicado en el que marc\u00f3 sus diferencias respecto a otras entidades.<\/p>\n\n\n\n<p>&#8220;La FEM apoya las propuestas de reformas laborales y administrativas que colaboran para mejorar la competitividad de los diversos sectores econ\u00f3micos, y las desregulaciones que hagan m\u00e1s eficiente al Estado Nacional.&nbsp;<strong>Sin embargo, respecto al R\u00e9gimen de Incentivos para las Grandes Inversiones (RIGI) incluido en la ley, creemos que debe estar dirigido a desarrollos industriales y de infraestructura, e incluir condiciones para que las empresas nacionales sean parte del encadenamiento productivo de esos proyectos&#8221;<\/strong>.<\/p>\n\n\n\n<p>Para los empresarios de la FEM, &#8220;los beneficios fiscales, aduaneros y cambiarios provocar\u00e1n&nbsp;<strong>condiciones desiguales para los fabricantes nacionales<\/strong>&nbsp;que tienen que afrontar costos con asimetr\u00edas que llegan hasta el 35% del valor de los bienes. Es por ello que desde la FEM solicitamos enf\u00e1ticamente&nbsp;<strong>que se igualen esos beneficios para el empresariado pyme nacional permiti\u00e9ndole competir en igualdad de condiciones&#8221;<\/strong>.<\/p>\n\n\n\n<p>Por otro lado, advirtieron que &#8220;<strong>deben ser analizadas con mucho detenimiento las condiciones especiales en las inversiones destinadas a recursos no renovables por el riesgo de que se conviertan en proyectos extractivos<\/strong>\u00a0con pocos beneficios para nuestro entramado econ\u00f3mico y social&#8221;.<\/p>\n\n\n\n<p><strong>Fuente: www.diariouno.com.ar<\/strong><\/p>\n","protected":false},"excerpt":{"rendered":"<p>Un grupo de\u00a0empresarios mendocinos\u00a0nucleados en seis c\u00e1maras y asociaciones salieron a defender la\u00a0Ley Bases\u00a0-incluido el R\u00e9gimen de Incentivo a las Grandes Inversiones (RIGI)- y a instar a los legisladores nacionales a que no traben su tratamiento en el Senado. As\u00ed expresaron en un comunicado los miembros de la C\u00e1mara de Empresarios Mendocinos&nbsp;(CEM), la Asociaci\u00f3n de [&hellip;]<\/p>\n","protected":false},"author":2,"featured_media":7601,"comment_status":"open","ping_status":"open","sticky":false,"template":"","format":"standard","meta":[],"categories":[110],"tags":[],"_links":{"self":[{"href":"https:\/\/pasaenmendoza.com\/index.php?rest_route=\/wp\/v2\/posts\/7600"}],"collection":[{"href":"https:\/\/pasaenmendoza.com\/index.php?rest_route=\/wp\/v2\/posts"}],"about":[{"href":"https:\/\/pasaenmendoza.com\/index.php?rest_route=\/wp\/v2\/types\/post"}],"author":[{"embeddable":true,"href":"https:\/\/pasaenmendoza.com\/index.php?rest_route=\/wp\/v2\/users\/2"}],"replies":[{"embeddable":true,"href":"https:\/\/pasaenmendoza.com\/index.php?rest_route=%2Fwp%2Fv2%2Fcomments&post=7600"}],"version-history":[{"count":1,"href":"https:\/\/pasaenmendoza.com\/index.php?rest_route=\/wp\/v2\/posts\/7600\/revisions"}],"predecessor-version":[{"id":7602,"href":"https:\/\/pasaenmendoza.com\/index.php?rest_route=\/wp\/v2\/posts\/7600\/revisions\/7602"}],"wp:featuredmedia":[{"embeddable":true,"href":"https:\/\/pasaenmendoza.com\/index.php?rest_route=\/wp\/v2\/media\/7601"}],"wp:attachment":[{"href":"https:\/\/pasaenmendoza.com\/index.php?rest_route=%2Fwp%2Fv2%2Fmedia&parent=7600"}],"wp:term":[{"taxonomy":"category","embeddable":true,"href":"https:\/\/pasaenmendoza.com\/index.php?rest_route=%2Fwp%2Fv2%2Fcategories&post=7600"},{"taxonomy":"post_tag","embeddable":true,"href":"https:\/\/pasaenmendoza.com\/index.php?rest_route=%2Fwp%2Fv2%2Ftags&post=7600"}],"curies":[{"name":"wp","href":"https:\/\/api.w.org\/{rel}","templated":true}]}}