{"id":7612,"date":"2024-05-17T15:00:05","date_gmt":"2024-05-17T13:00:05","guid":{"rendered":"https:\/\/pasaenmendoza.com\/?p=7612"},"modified":"2024-05-17T15:00:06","modified_gmt":"2024-05-17T13:00:06","slug":"se-incendio-un-centro-radiologico-en-ciudad-perdidas-casi-totales","status":"publish","type":"post","link":"https:\/\/pasaenmendoza.com\/?p=7612","title":{"rendered":"Se incendi\u00f3 un centro radiol\u00f3gico en Ciudad: p\u00e9rdidas casi totales"},"content":{"rendered":"\n<p>En la<strong>\u00a0madrugada de este viernes<\/strong>, un incendio consumi\u00f3 gran parte del\u00a0<strong>Instituto de Diagn\u00f3stico y Resonancia de Mendoza<\/strong>\u00a0ubicado en calle Buenos Aires 428 frente a la Plaza Sarmiento, en la\u00a0<strong>Ciudad<\/strong>\u00a0<strong>de Mendoza<\/strong>.<\/p>\n\n\n\n<p>El siniestro, que comenz\u00f3 cerca de las 3 de la ma\u00f1ana en el s\u00f3tano, dej\u00f3 p\u00e9rdidas casi totales y moviliz\u00f3 a varias dotaciones de bomberos, entre ellas de Cuartel Central, Bomberos Voluntarios de Luj\u00e1n y Bomberos Voluntarios de Godoy Cruz.\u00a0<\/p>\n\n\n\n<p>Los vecinos de la zona fueron los primeros en notar el humo y el resplandor de las llamas que se elevaban desde el instituto radiol\u00f3gico. Las sirenas de los bomberos comenzaron a sonar poco despu\u00e9s, y en cuesti\u00f3n de minutos, varias unidades se desplegaron en el lugar para combatir el incendio.<\/p>\n\n\n\n<p>A pesar de los esfuerzos de los bomberos, el fuego avanz\u00f3 r\u00e1pidamente, alimentado por materiales inflamables presentes en el centro radiol\u00f3gico. Tres tom\u00f3grafos, equipos sumamente costosos y esenciales para el diagn\u00f3stico m\u00e9dico, fueron completamente destruidos, junto con otros equipos y documentaci\u00f3n importante.<\/p>\n\n\n\n<p>La magnitud del incendio oblig\u00f3 a la evacuaci\u00f3n del edificio contiguo como medida preventiva y las p\u00e9rdidas materiales son enormes y se calcula que la recuperaci\u00f3n del instituto llevar\u00e1 meses. Reportaron adem\u00e1s que algunas personas padecieron intoxicaci\u00f3n debido al siniestro.\u00a0<\/p>\n\n\n\n<p><strong>Fuente: www.mendozapost.com<\/strong><\/p>\n","protected":false},"excerpt":{"rendered":"<p>En la\u00a0madrugada de este viernes, un incendio consumi\u00f3 gran parte del\u00a0Instituto de Diagn\u00f3stico y Resonancia de Mendoza\u00a0ubicado en calle Buenos Aires 428 frente a la Plaza Sarmiento, en la\u00a0Ciudad\u00a0de Mendoza. El siniestro, que comenz\u00f3 cerca de las 3 de la ma\u00f1ana en el s\u00f3tano, dej\u00f3 p\u00e9rdidas casi totales y moviliz\u00f3 a varias dotaciones de bomberos, [&hellip;]<\/p>\n","protected":false},"author":2,"featured_media":7613,"comment_status":"open","ping_status":"open","sticky":false,"template":"","format":"standard","meta":[],"categories":[48],"tags":[],"_links":{"self":[{"href":"https:\/\/pasaenmendoza.com\/index.php?rest_route=\/wp\/v2\/posts\/7612"}],"collection":[{"href":"https:\/\/pasaenmendoza.com\/index.php?rest_route=\/wp\/v2\/posts"}],"about":[{"href":"https:\/\/pasaenmendoza.com\/index.php?rest_route=\/wp\/v2\/types\/post"}],"author":[{"embeddable":true,"href":"https:\/\/pasaenmendoza.com\/index.php?rest_route=\/wp\/v2\/users\/2"}],"replies":[{"embeddable":true,"href":"https:\/\/pasaenmendoza.com\/index.php?rest_route=%2Fwp%2Fv2%2Fcomments&post=7612"}],"version-history":[{"count":1,"href":"https:\/\/pasaenmendoza.com\/index.php?rest_route=\/wp\/v2\/posts\/7612\/revisions"}],"predecessor-version":[{"id":7614,"href":"https:\/\/pasaenmendoza.com\/index.php?rest_route=\/wp\/v2\/posts\/7612\/revisions\/7614"}],"wp:featuredmedia":[{"embeddable":true,"href":"https:\/\/pasaenmendoza.com\/index.php?rest_route=\/wp\/v2\/media\/7613"}],"wp:attachment":[{"href":"https:\/\/pasaenmendoza.com\/index.php?rest_route=%2Fwp%2Fv2%2Fmedia&parent=7612"}],"wp:term":[{"taxonomy":"category","embeddable":true,"href":"https:\/\/pasaenmendoza.com\/index.php?rest_route=%2Fwp%2Fv2%2Fcategories&post=7612"},{"taxonomy":"post_tag","embeddable":true,"href":"https:\/\/pasaenmendoza.com\/index.php?rest_route=%2Fwp%2Fv2%2Ftags&post=7612"}],"curies":[{"name":"wp","href":"https:\/\/api.w.org\/{rel}","templated":true}]}}