{"id":7621,"date":"2024-05-17T17:48:10","date_gmt":"2024-05-17T15:48:10","guid":{"rendered":"https:\/\/pasaenmendoza.com\/?p=7621"},"modified":"2024-05-17T17:48:11","modified_gmt":"2024-05-17T15:48:11","slug":"cornejo-aumento-por-decreto-el-sueldo-de-los-judiciales","status":"publish","type":"post","link":"https:\/\/pasaenmendoza.com\/?p=7621","title":{"rendered":"Cornejo aument\u00f3 por decreto el sueldo de los judiciales"},"content":{"rendered":"\n<p>En medio del\u00a0<strong>paro de actividades de los empleados judiciales, que anunciaron se extender\u00e1 la pr\u00f3xima semana<\/strong>, el gobernador,\u00a0Alfredo Cornejo,\u00a0<strong>decidi\u00f3 aumentarles el salario por decreto<\/strong>. Esta medida, oficializada este viernes en el Bolet\u00edn Oficial, surge en respuesta al rechazo de las asociaciones gremiales a las propuestas salariales del gobierno.<\/p>\n\n\n\n<p>Seg\u00fan el&nbsp;<strong>decreto 947<\/strong>, en su art\u00edculo 1\u00b0, se otorgar\u00e1 &#8220;a los agentes p\u00fablicos pertenecientes al R\u00e9gimen Salarial 10, un incremento salarial del&nbsp;<strong>diez por ciento (10%) sobre la asignaci\u00f3n de clase para los meses de abril, mayo y junio de 2024<\/strong>, respectivamente, calculados sobre la base fija del mes de diciembre de 2023&#8243;. Este incremento es&nbsp;<strong>no acumulativo<\/strong>&nbsp;y se aplica exclusivamente a los agentes del sector.<\/p>\n\n\n\n<p>El documento oficial justifica esta decisi\u00f3n debido al &#8220;rechazo sistem\u00e1tico de las Asociaciones Gremiales que nuclean a Empleados y Funcionarios del Poder Judicial de Mendoza a las sucesivas propuestas alternativas efectuadas por el Poder Ejecutivo&#8221;.\u00a0<\/p>\n\n\n\n<p>Se subraya la importancia de\u00a0<strong>&#8220;primar el principio protectorio del trabajador y del car\u00e1cter alimentario del salario<\/strong>&#8220;, destacando la necesidad de asegurar una recomposici\u00f3n salarial en el marco de las habilitaciones presupuestarias vigentes.<\/p>\n\n\n\n<p>El decreto resalta que &#8220;el Poder Ejecutivo realiz\u00f3 todos los actos propios de un<strong>\u00a0extenso y continuo proceso de negociaci\u00f3n<\/strong>\u00a0tal como consta en las distintas actas paritarias&#8221;. A pesar de estos esfuerzos, la negativa de las asociaciones gremiales a aceptar las propuestas llev\u00f3 al gobierno a solicitar a la Subsecretar\u00eda de Trabajo y Empleo el dictado de la\u00a0<strong>Conciliaci\u00f3n Obligatoria<\/strong>, con el objetivo de asegurar la prestaci\u00f3n del servicio de justicia a la poblaci\u00f3n. Sin embargo,\u00a0<strong>el gremio no cumpli\u00f3 con esta medida y continu\u00f3 con la paralizaci\u00f3n de actividades<\/strong>.<\/p>\n\n\n\n<p>El aumento salarial por decreto se justifica &#8220;en virtud del rechazo de las propuestas salariales y de mejoras para el sector&#8221;. Las entidades sindicales han decretado un paro de actividades para los d\u00edas 20 a 24 de mayo de 2024 en las oficinas del Poder Judicial, y del 19 al 26 de mayo de 2024 en las oficinas fiscales.<\/p>\n\n\n\n<p>FUENTE: Mendozapost.<\/p>\n","protected":false},"excerpt":{"rendered":"<p>En medio del\u00a0paro de actividades de los empleados judiciales, que anunciaron se extender\u00e1 la pr\u00f3xima semana, el gobernador,\u00a0Alfredo Cornejo,\u00a0decidi\u00f3 aumentarles el salario por decreto. Esta medida, oficializada este viernes en el Bolet\u00edn Oficial, surge en respuesta al rechazo de las asociaciones gremiales a las propuestas salariales del gobierno. Seg\u00fan el&nbsp;decreto 947, en su art\u00edculo 1\u00b0, [&hellip;]<\/p>\n","protected":false},"author":2,"featured_media":7622,"comment_status":"open","ping_status":"open","sticky":true,"template":"","format":"standard","meta":[],"categories":[47],"tags":[],"_links":{"self":[{"href":"https:\/\/pasaenmendoza.com\/index.php?rest_route=\/wp\/v2\/posts\/7621"}],"collection":[{"href":"https:\/\/pasaenmendoza.com\/index.php?rest_route=\/wp\/v2\/posts"}],"about":[{"href":"https:\/\/pasaenmendoza.com\/index.php?rest_route=\/wp\/v2\/types\/post"}],"author":[{"embeddable":true,"href":"https:\/\/pasaenmendoza.com\/index.php?rest_route=\/wp\/v2\/users\/2"}],"replies":[{"embeddable":true,"href":"https:\/\/pasaenmendoza.com\/index.php?rest_route=%2Fwp%2Fv2%2Fcomments&post=7621"}],"version-history":[{"count":1,"href":"https:\/\/pasaenmendoza.com\/index.php?rest_route=\/wp\/v2\/posts\/7621\/revisions"}],"predecessor-version":[{"id":7623,"href":"https:\/\/pasaenmendoza.com\/index.php?rest_route=\/wp\/v2\/posts\/7621\/revisions\/7623"}],"wp:featuredmedia":[{"embeddable":true,"href":"https:\/\/pasaenmendoza.com\/index.php?rest_route=\/wp\/v2\/media\/7622"}],"wp:attachment":[{"href":"https:\/\/pasaenmendoza.com\/index.php?rest_route=%2Fwp%2Fv2%2Fmedia&parent=7621"}],"wp:term":[{"taxonomy":"category","embeddable":true,"href":"https:\/\/pasaenmendoza.com\/index.php?rest_route=%2Fwp%2Fv2%2Fcategories&post=7621"},{"taxonomy":"post_tag","embeddable":true,"href":"https:\/\/pasaenmendoza.com\/index.php?rest_route=%2Fwp%2Fv2%2Ftags&post=7621"}],"curies":[{"name":"wp","href":"https:\/\/api.w.org\/{rel}","templated":true}]}}