{"id":7627,"date":"2024-05-17T23:51:51","date_gmt":"2024-05-17T21:51:51","guid":{"rendered":"https:\/\/pasaenmendoza.com\/?p=7627"},"modified":"2024-05-17T23:51:52","modified_gmt":"2024-05-17T21:51:52","slug":"osep-volvio-a-aumentar-las-cuotas-esto-pagaran-los-afiliados-segun-su-categoria","status":"publish","type":"post","link":"https:\/\/pasaenmendoza.com\/?p=7627","title":{"rendered":"OSEP volvi\u00f3 a aumentar las cuotas: esto pagar\u00e1n los afiliados, seg\u00fan su categor\u00eda"},"content":{"rendered":"\n<p>A partir del 1 de junio, la<strong>&nbsp;Obra Social de los Empleados P\u00fablicos<\/strong>&nbsp;<strong>(OSEP)<\/strong>&nbsp;aumentar\u00e1 el valor de sus cuotas mensuales en un 34% para sus 35.000 afiliados en toda la provincia. El incremento tambi\u00e9n alcanzar\u00e1 a los voluntarios independientes que utilizan&nbsp;como prepaga.<\/p>\n\n\n\n<p>Bajo el argumento de mantener \u201c<em>un equilibrio t\u00e9cnico \u2013 financiero<\/em>\u201d, el Gobierno de&nbsp;<strong>Alfredo Cornejo<\/strong>&nbsp;inform\u00f3 mediante la resoluci\u00f3n 421 que los servicios de Osep tendr\u00e1n una nueva suba en el a\u00f1o. La \u00faltima, se produjo en marzo.<\/p>\n\n\n\n<p><object data=\"https:\/\/newspack-elsol.s3.amazonaws.com\/wp-content\/uploads\/2024\/05\/pedido_243071_16052024.pdf\" type=\"application\/pdf\"><\/object><\/p>\n\n\n\n<p>El documento cuenta con la firma del director del ente provincial,\u00a0<strong>Carlos Funes<\/strong>, autoriza el incremento del valor de las cuotas mensuales de los afiliados voluntarios independientes con los siguientes montos:<\/p>\n\n\n\n<figure class=\"wp-block-image\"><img decoding=\"async\" src=\"https:\/\/i0.wp.com\/newspack-elsol.s3.amazonaws.com\/wp-content\/uploads\/2024\/05\/Osep-aumento-mayo.jpg?resize=694%2C335&amp;ssl=1\" alt=\"\" class=\"wp-image-1960138\"\/><\/figure>\n\n\n\n<p>A su vez, Osep inform\u00f3 que &nbsp;el afiliado mantendr\u00e1 la categor\u00eda de cuota correspondiente al grupo de edad con que se incorpor\u00f3 al sistema, salvo en el caso de los hijos al cumplir 21 a\u00f1os, la cuota a aplicar es de adherente menor de 40 a\u00f1os.<\/p>\n\n\n\n<p>En cuanto a los aranceles, a parir del 1 de junio, contar\u00e1n con los siguientes valores:<\/p>\n\n\n\n<figure class=\"wp-block-image\"><img decoding=\"async\" src=\"https:\/\/i0.wp.com\/newspack-elsol.s3.amazonaws.com\/wp-content\/uploads\/2024\/05\/Osep-aumento-mayo-aranceles.jpg?resize=779%2C215&amp;ssl=1\" alt=\"\" class=\"wp-image-1960139\"\/><\/figure>\n\n\n\n<p><strong>Fuente: www.elsol.com.ar<\/strong><\/p>\n","protected":false},"excerpt":{"rendered":"<p>A partir del 1 de junio, la&nbsp;Obra Social de los Empleados P\u00fablicos&nbsp;(OSEP)&nbsp;aumentar\u00e1 el valor de sus cuotas mensuales en un 34% para sus 35.000 afiliados en toda la provincia. El incremento tambi\u00e9n alcanzar\u00e1 a los voluntarios independientes que utilizan&nbsp;como prepaga. Bajo el argumento de mantener \u201cun equilibrio t\u00e9cnico \u2013 financiero\u201d, el Gobierno de&nbsp;Alfredo Cornejo&nbsp;inform\u00f3 mediante [&hellip;]<\/p>\n","protected":false},"author":2,"featured_media":7628,"comment_status":"open","ping_status":"open","sticky":false,"template":"","format":"standard","meta":[],"categories":[101],"tags":[],"_links":{"self":[{"href":"https:\/\/pasaenmendoza.com\/index.php?rest_route=\/wp\/v2\/posts\/7627"}],"collection":[{"href":"https:\/\/pasaenmendoza.com\/index.php?rest_route=\/wp\/v2\/posts"}],"about":[{"href":"https:\/\/pasaenmendoza.com\/index.php?rest_route=\/wp\/v2\/types\/post"}],"author":[{"embeddable":true,"href":"https:\/\/pasaenmendoza.com\/index.php?rest_route=\/wp\/v2\/users\/2"}],"replies":[{"embeddable":true,"href":"https:\/\/pasaenmendoza.com\/index.php?rest_route=%2Fwp%2Fv2%2Fcomments&post=7627"}],"version-history":[{"count":1,"href":"https:\/\/pasaenmendoza.com\/index.php?rest_route=\/wp\/v2\/posts\/7627\/revisions"}],"predecessor-version":[{"id":7629,"href":"https:\/\/pasaenmendoza.com\/index.php?rest_route=\/wp\/v2\/posts\/7627\/revisions\/7629"}],"wp:featuredmedia":[{"embeddable":true,"href":"https:\/\/pasaenmendoza.com\/index.php?rest_route=\/wp\/v2\/media\/7628"}],"wp:attachment":[{"href":"https:\/\/pasaenmendoza.com\/index.php?rest_route=%2Fwp%2Fv2%2Fmedia&parent=7627"}],"wp:term":[{"taxonomy":"category","embeddable":true,"href":"https:\/\/pasaenmendoza.com\/index.php?rest_route=%2Fwp%2Fv2%2Fcategories&post=7627"},{"taxonomy":"post_tag","embeddable":true,"href":"https:\/\/pasaenmendoza.com\/index.php?rest_route=%2Fwp%2Fv2%2Ftags&post=7627"}],"curies":[{"name":"wp","href":"https:\/\/api.w.org\/{rel}","templated":true}]}}