{"id":7645,"date":"2024-05-20T16:07:40","date_gmt":"2024-05-20T14:07:40","guid":{"rendered":"https:\/\/pasaenmendoza.com\/?p=7645"},"modified":"2024-05-20T16:07:41","modified_gmt":"2024-05-20T14:07:41","slug":"un-motociclista-se-fracturo-la-pierna-en-un-accidente-en-la-quinta-seccion","status":"publish","type":"post","link":"https:\/\/pasaenmendoza.com\/?p=7645","title":{"rendered":"Un motociclista se fractur\u00f3 la pierna en un accidente en la Quinta Secci\u00f3n"},"content":{"rendered":"\n<p>Un\u00a0<strong>joven de 24 a\u00f1os sufri\u00f3 una fractura<\/strong>\u00a0en su pierna izquierda tras haber protagonizado un accidente en el coraz\u00f3n de la\u00a0<strong>Quinta Secci\u00f3n<\/strong>\u00a0de la Ciudad de Mendoza.<\/p>\n\n\n\n<p>El hecho ocurri\u00f3 pasadas las 23 horas de este domingo en la calle Emilio Civit y Paso de Los Andes, all\u00ed circulaba un motociclista a bordo de una Yamaha 110cc en sentido hacia el Norte pero al llegar a Civit impact\u00f3 con una VW Saveiro que bajaba hacia el Centro.<\/p>\n\n\n\n<p>Al lugar lleg\u00f3 una ambulancia del SEC y el conductor de la moto fue atendido, con una fractura en su pierna izquierda. Lo trasladaron al Hospital Central, donde se encuentra fuera de peligro.<\/p>\n\n\n\n<p>Personal de Tr\u00e1nsito de Ciudad realiz\u00f3 el dosaje de alcohol a ambos conductores, el cual dio resultado negativo.<\/p>\n\n\n\n<p><strong>Fuente: www.mendozapost.com<\/strong><\/p>\n","protected":false},"excerpt":{"rendered":"<p>Un\u00a0joven de 24 a\u00f1os sufri\u00f3 una fractura\u00a0en su pierna izquierda tras haber protagonizado un accidente en el coraz\u00f3n de la\u00a0Quinta Secci\u00f3n\u00a0de la Ciudad de Mendoza. El hecho ocurri\u00f3 pasadas las 23 horas de este domingo en la calle Emilio Civit y Paso de Los Andes, all\u00ed circulaba un motociclista a bordo de una Yamaha 110cc [&hellip;]<\/p>\n","protected":false},"author":2,"featured_media":7646,"comment_status":"open","ping_status":"open","sticky":false,"template":"","format":"standard","meta":[],"categories":[48],"tags":[],"_links":{"self":[{"href":"https:\/\/pasaenmendoza.com\/index.php?rest_route=\/wp\/v2\/posts\/7645"}],"collection":[{"href":"https:\/\/pasaenmendoza.com\/index.php?rest_route=\/wp\/v2\/posts"}],"about":[{"href":"https:\/\/pasaenmendoza.com\/index.php?rest_route=\/wp\/v2\/types\/post"}],"author":[{"embeddable":true,"href":"https:\/\/pasaenmendoza.com\/index.php?rest_route=\/wp\/v2\/users\/2"}],"replies":[{"embeddable":true,"href":"https:\/\/pasaenmendoza.com\/index.php?rest_route=%2Fwp%2Fv2%2Fcomments&post=7645"}],"version-history":[{"count":1,"href":"https:\/\/pasaenmendoza.com\/index.php?rest_route=\/wp\/v2\/posts\/7645\/revisions"}],"predecessor-version":[{"id":7647,"href":"https:\/\/pasaenmendoza.com\/index.php?rest_route=\/wp\/v2\/posts\/7645\/revisions\/7647"}],"wp:featuredmedia":[{"embeddable":true,"href":"https:\/\/pasaenmendoza.com\/index.php?rest_route=\/wp\/v2\/media\/7646"}],"wp:attachment":[{"href":"https:\/\/pasaenmendoza.com\/index.php?rest_route=%2Fwp%2Fv2%2Fmedia&parent=7645"}],"wp:term":[{"taxonomy":"category","embeddable":true,"href":"https:\/\/pasaenmendoza.com\/index.php?rest_route=%2Fwp%2Fv2%2Fcategories&post=7645"},{"taxonomy":"post_tag","embeddable":true,"href":"https:\/\/pasaenmendoza.com\/index.php?rest_route=%2Fwp%2Fv2%2Ftags&post=7645"}],"curies":[{"name":"wp","href":"https:\/\/api.w.org\/{rel}","templated":true}]}}