{"id":7648,"date":"2024-05-20T16:14:10","date_gmt":"2024-05-20T14:14:10","guid":{"rendered":"https:\/\/pasaenmendoza.com\/?p=7648"},"modified":"2024-05-20T16:14:24","modified_gmt":"2024-05-20T14:14:24","slug":"que-paso-en-la-utn-con-el-profesor-imputado-por-tres-abusos","status":"publish","type":"post","link":"https:\/\/pasaenmendoza.com\/?p=7648","title":{"rendered":"Qu\u00e9 pas\u00f3 en la UTN con el profesor imputado por tres abusos"},"content":{"rendered":"\n<p>La informaci\u00f3n que dio el\u00a0<em>Post<\/em>\u00a0respecto a la imputaci\u00f3n de un profesor de la\u00a0<strong>Universidad Tecnol\u00f3gica Nacional (UTN) de Mendoza,\u00a0<\/strong>acusado de abusar a tres nenas, caus\u00f3 un fuerte impacto en los sitios donde se desempe\u00f1a este ingeniero civil, ya que en sus espacios laborales no conoc\u00edan su situaci\u00f3n judicial. La \u00faltima novedad a la que accedi\u00f3 este diario es que,\u00a0<strong>tras hacerse p\u00fablico el caso, el docente se tom\u00f3 licencia.<\/strong><\/p>\n\n\n\n<p><strong>G.C.<\/strong>&nbsp;(sus siglas), un&nbsp;<strong>ingeniero civil&nbsp;<\/strong>que dicta clases en dos c\u00e1tedras de la UTN y adem\u00e1s trabaja en el&nbsp;<strong>Departamento Provincial de Irrigaci\u00f3n,<\/strong>&nbsp;est\u00e1 imputado al menos desde 2021. Luego de que el&nbsp;<em><strong>Post<\/strong><\/em>&nbsp;publicara el caso, se gener\u00f3 un malestar en los pasillos de la&nbsp;<strong>UTN<\/strong>&nbsp;y trascendi\u00f3 que los referentes del&nbsp;<strong>Centro de Estudiantes<\/strong>&nbsp;habr\u00edan pedido que sea desplazado de sus cargos. No obstante,<strong>&nbsp;se negaron a hablar&nbsp;<\/strong>y precisar la informaci\u00f3n.&nbsp;<\/p>\n\n\n\n<p>Lo cierto es que a trav\u00e9s de Instagram, la agrupaci\u00f3n\u00a0<strong>Manuel Savio<\/strong>\u00a0que gestiona el Centro de Estudiantes, public\u00f3 un mensaje en formato historia:\u00a0<em>Hablamos con el decano, qui\u00e9n nos inform\u00f3 que a partir de hoy\u00a0<\/em>(por la semana pasada)<em>,\u00a0<strong>el docente estar\u00e1 de licencia<\/strong>. Adem\u00e1s, las autoridades se acercaron a la fiscal\u00eda quienes les comentaron que la causa se encuentra bajo secreto de sumario, por lo que se va a pedir, a trav\u00e9s de una nota, que den a conocer m\u00e1s detalles, ya que nos encontramos en una unidad acad\u00e9mica con j\u00f3venes y es un tema sensible. Adem\u00e1s se mencion\u00f3 que la facultad se asesorar\u00e1 a trav\u00e9s del rectorado sobre como proceder ante el caso.<\/em><\/p>\n\n\n\n<p>Por otro lado,\u00a0<strong>Irrigaci\u00f3n<\/strong>\u00a0tambi\u00e9n tom\u00f3 conocimiento de la situaci\u00f3n de G.C. a partir de la consulta period\u00edstica sobre el tema. Desde el \u00e1rea de Desarrollo Organizacional informaron que instruyeron a la Unidad de Asuntos Legales para determinar el camino a seguir, teniendo en cuenta que ese organismo cuenta con un protocolo para abordar situaciones de violencia de g\u00e9nero que involucre a su personal.<\/p>\n\n\n\n<p><strong>El caso<\/strong><\/p>\n\n\n\n<p>Entre 2019 y 2020 el docente e ingeniero civil habr\u00eda cometido reiterados tocamientos a una menor que conviv\u00eda con \u00e9l ya que es hija de su ex pareja. Esta situaci\u00f3n habr\u00eda ocurrido en la casa que compart\u00edan en un exclusivo barrio privado de Maip\u00fa.&nbsp;<\/p>\n\n\n\n<p>La madre de la ni\u00f1a, al tomar conocimiento del hecho, lo denuncia y lo echa de la vivienda. Un amigo del hombre lo invita a pasar las fiestas de a\u00f1o nuevo en su casa desconociendo los verdaderos motivos por el cual se hab\u00eda separado. En esas circunstancias, el acusado habr\u00eda manoseado a la hija de su amigo y a otra nena que se encontraba de visitas en la casa.<\/p>\n\n\n\n<p>Al enterarse de la situaci\u00f3n el padre de la ni\u00f1a tambi\u00e9n radica la denuncia y finalmente los hechos se unifican en un solo expediente que tramita la fiscal\u00eda de<strong>\u00a0Delitos contra la Integridad Sexual, a cargo de Dar\u00edo Nora.\u00a0<\/strong>La imputaci\u00f3n que pesa sobre G.C.<strong>\u00a0es abuso sexual simple agravado por la convivencia.\u00a0<\/strong>Desde la Justicia informaron que el caso a\u00fan se encuentra en etapa de instrucci\u00f3n ya que los profesionales que evaluaron a la menor que conviv\u00eda con \u00e9l, determinaron que a\u00fan no se encuentra en las condiciones psicol\u00f3gicas y emocionales acordes para prestar declaraci\u00f3n.<\/p>\n\n\n\n<p><strong>Fuente: www.mendozapost.com<\/strong><\/p>\n","protected":false},"excerpt":{"rendered":"<p>La informaci\u00f3n que dio el\u00a0Post\u00a0respecto a la imputaci\u00f3n de un profesor de la\u00a0Universidad Tecnol\u00f3gica Nacional (UTN) de Mendoza,\u00a0acusado de abusar a tres nenas, caus\u00f3 un fuerte impacto en los sitios donde se desempe\u00f1a este ingeniero civil, ya que en sus espacios laborales no conoc\u00edan su situaci\u00f3n judicial. La \u00faltima novedad a la que accedi\u00f3 este [&hellip;]<\/p>\n","protected":false},"author":2,"featured_media":7649,"comment_status":"open","ping_status":"open","sticky":false,"template":"","format":"standard","meta":[],"categories":[48],"tags":[],"_links":{"self":[{"href":"https:\/\/pasaenmendoza.com\/index.php?rest_route=\/wp\/v2\/posts\/7648"}],"collection":[{"href":"https:\/\/pasaenmendoza.com\/index.php?rest_route=\/wp\/v2\/posts"}],"about":[{"href":"https:\/\/pasaenmendoza.com\/index.php?rest_route=\/wp\/v2\/types\/post"}],"author":[{"embeddable":true,"href":"https:\/\/pasaenmendoza.com\/index.php?rest_route=\/wp\/v2\/users\/2"}],"replies":[{"embeddable":true,"href":"https:\/\/pasaenmendoza.com\/index.php?rest_route=%2Fwp%2Fv2%2Fcomments&post=7648"}],"version-history":[{"count":1,"href":"https:\/\/pasaenmendoza.com\/index.php?rest_route=\/wp\/v2\/posts\/7648\/revisions"}],"predecessor-version":[{"id":7650,"href":"https:\/\/pasaenmendoza.com\/index.php?rest_route=\/wp\/v2\/posts\/7648\/revisions\/7650"}],"wp:featuredmedia":[{"embeddable":true,"href":"https:\/\/pasaenmendoza.com\/index.php?rest_route=\/wp\/v2\/media\/7649"}],"wp:attachment":[{"href":"https:\/\/pasaenmendoza.com\/index.php?rest_route=%2Fwp%2Fv2%2Fmedia&parent=7648"}],"wp:term":[{"taxonomy":"category","embeddable":true,"href":"https:\/\/pasaenmendoza.com\/index.php?rest_route=%2Fwp%2Fv2%2Fcategories&post=7648"},{"taxonomy":"post_tag","embeddable":true,"href":"https:\/\/pasaenmendoza.com\/index.php?rest_route=%2Fwp%2Fv2%2Ftags&post=7648"}],"curies":[{"name":"wp","href":"https:\/\/api.w.org\/{rel}","templated":true}]}}