{"id":766,"date":"2023-08-17T14:34:31","date_gmt":"2023-08-17T12:34:31","guid":{"rendered":"https:\/\/pasaenmendoza.com\/?p=766"},"modified":"2023-08-17T14:34:31","modified_gmt":"2023-08-17T12:34:31","slug":"bono-confirmado-para-trabajadores-todos-los-detalles","status":"publish","type":"post","link":"https:\/\/pasaenmendoza.com\/?p=766","title":{"rendered":"Bono confirmado para trabajadores: todos los detalles"},"content":{"rendered":"\n<p>El Gobierno nacional confirm\u00f3 que en septiembre habr\u00e1 un\u00a0<strong>bono para trabajadores<\/strong>\u00a0con el fin de compensar la p\u00e9rdida del poder adquisitivo ocasionado por la inflaci\u00f3n y la devaluaci\u00f3n.<\/p>\n\n\n\n<p>El responsable en dar a conocer que el Gobierno nacional ordenar\u00e1 el pago de un\u00a0<strong>bono para trabajadores<\/strong>\u00a0fue el ministro de Econom\u00eda, Sergio Massa, que adelant\u00f3 que se anunciar\u00e1n nuevas medidas con el fin de paliar la situaci\u00f3n de millones de argentinos que se vieron afectados por la devaluaci\u00f3n del 20% que se realiz\u00f3 a principios de semana, &#8220;Va a haber una\u00a0<strong>suma fija para los trabajadores<\/strong>&#8220;, explic\u00f3 Massa al ser consultado por la p\u00e9rdida de poder adquisitivo para los trabajadores.<\/p>\n\n\n\n<h2 class=\"wp-block-heading\">Bono para trabajadores y medidas para AUH y jubilados<\/h2>\n\n\n\n<p>Massa explic\u00f3 que los detalles sobre el&nbsp;<strong>bono&nbsp;<\/strong>para trabajadores se van a dar la semana que viene, aunque no aclar\u00f3 si ser\u00e1 para todos, el monto o tendr\u00e1 como tope alguna suma.<\/p>\n\n\n\n<p>No fue el \u00fanico adelanto que realiz\u00f3 Massa, tambi\u00e9n explic\u00f3 que habr\u00eda un nuevo bono para\u00a0<strong>jubilados\u00a0<\/strong>y que se realizara un esfuerzo adicional para subir las asignaciones familiares y el monto que se abona por Asignaci\u00f3n Universal por Hijo (<strong>AUH<\/strong>).<\/p>\n\n\n\n<p>Vale recordar que&nbsp;<strong>jubilados<\/strong>, titulares de&nbsp;<strong>AUH&nbsp;<\/strong>y de la Asignaci\u00f3n Universal por Embarazo (<strong>AUE<\/strong>) tendr\u00e1n un aumento del 23,6% por la Ley de Movilidad Jubilatoria. Adem\u00e1s, en el caso de los jubilados recibir\u00e1n un bono de hasta $27.000, seg\u00fan anunci\u00f3&nbsp;<strong>ANSES&nbsp;<\/strong>hace una semana.<\/p>\n\n\n\n<p>Lo que resta saber es c\u00f3mo ser\u00e1n los detalles finos del nuevo anuncio que har\u00e1 el Gobierno Nacional para enfrentar la p\u00e9rdida de poder adquisitivo tras la devaluaci\u00f3n y que, seg\u00fan explic\u00f3 Sergio Massa, se har\u00e1n la semana que viene.<\/p>\n\n\n\n<p><strong>Fuente: www.diariouno.com.ar<\/strong><\/p>\n","protected":false},"excerpt":{"rendered":"<p>El Gobierno nacional confirm\u00f3 que en septiembre habr\u00e1 un\u00a0bono para trabajadores\u00a0con el fin de compensar la p\u00e9rdida del poder adquisitivo ocasionado por la inflaci\u00f3n y la devaluaci\u00f3n. El responsable en dar a conocer que el Gobierno nacional ordenar\u00e1 el pago de un\u00a0bono para trabajadores\u00a0fue el ministro de Econom\u00eda, Sergio Massa, que adelant\u00f3 que se anunciar\u00e1n [&hellip;]<\/p>\n","protected":false},"author":2,"featured_media":767,"comment_status":"open","ping_status":"open","sticky":false,"template":"","format":"standard","meta":[],"categories":[49],"tags":[],"_links":{"self":[{"href":"https:\/\/pasaenmendoza.com\/index.php?rest_route=\/wp\/v2\/posts\/766"}],"collection":[{"href":"https:\/\/pasaenmendoza.com\/index.php?rest_route=\/wp\/v2\/posts"}],"about":[{"href":"https:\/\/pasaenmendoza.com\/index.php?rest_route=\/wp\/v2\/types\/post"}],"author":[{"embeddable":true,"href":"https:\/\/pasaenmendoza.com\/index.php?rest_route=\/wp\/v2\/users\/2"}],"replies":[{"embeddable":true,"href":"https:\/\/pasaenmendoza.com\/index.php?rest_route=%2Fwp%2Fv2%2Fcomments&post=766"}],"version-history":[{"count":3,"href":"https:\/\/pasaenmendoza.com\/index.php?rest_route=\/wp\/v2\/posts\/766\/revisions"}],"predecessor-version":[{"id":771,"href":"https:\/\/pasaenmendoza.com\/index.php?rest_route=\/wp\/v2\/posts\/766\/revisions\/771"}],"wp:featuredmedia":[{"embeddable":true,"href":"https:\/\/pasaenmendoza.com\/index.php?rest_route=\/wp\/v2\/media\/767"}],"wp:attachment":[{"href":"https:\/\/pasaenmendoza.com\/index.php?rest_route=%2Fwp%2Fv2%2Fmedia&parent=766"}],"wp:term":[{"taxonomy":"category","embeddable":true,"href":"https:\/\/pasaenmendoza.com\/index.php?rest_route=%2Fwp%2Fv2%2Fcategories&post=766"},{"taxonomy":"post_tag","embeddable":true,"href":"https:\/\/pasaenmendoza.com\/index.php?rest_route=%2Fwp%2Fv2%2Ftags&post=766"}],"curies":[{"name":"wp","href":"https:\/\/api.w.org\/{rel}","templated":true}]}}