{"id":7661,"date":"2024-05-20T23:48:49","date_gmt":"2024-05-20T21:48:49","guid":{"rendered":"https:\/\/pasaenmendoza.com\/?p=7661"},"modified":"2024-05-20T23:48:50","modified_gmt":"2024-05-20T21:48:50","slug":"a-los-conductores-borrachos-ahora-los-mandan-a-pintar-estrellas-amarillas-en-las-calles","status":"publish","type":"post","link":"https:\/\/pasaenmendoza.com\/?p=7661","title":{"rendered":"A los conductores borrachos ahora los mandan a pintar estrellas amarillas en las calles"},"content":{"rendered":"\n<p>Mendoza arroja cifras negras por muertes en accidentes de tr\u00e1nsito, porque s\u00f3lo en lo que va del 2024,\u00a0<strong>76 personas perdieron la vida en\u00a0accidentes de tr\u00e1nsito.<\/strong>\u00a0Uno de los casos m\u00e1s conmocionantes fue el doble homicidio en el Acceso Sur, en el que un preventor y un polic\u00eda fueron atropellados por un automovilista que iba a toda velocidad y con\u00a0<strong>2,68 grados de alcohol en sangre.<\/strong><\/p>\n\n\n\n<p>La tragedia del Acceso Sur volvi\u00f3 a encender el debate sobre la tolerancia cero de alcohol para quien maneja, la eficiencia de los controles y el impulso de campa\u00f1as de educaci\u00f3n vial. Frente a esta realidad, en Mendoza dos juzgados contravencionales ordenan, adem\u00e1s del pago de la multa, a realizar trabajos comunitarios en una experiencia muy movilizante en la&nbsp;<strong>Asociaci\u00f3n Civil Estrellas Amarillas<\/strong>.<\/p>\n\n\n\n<p>Estos infractores tienen m\u00e1s de 1 gramo de alcohol en sangre, hasta 0,99 es jurisdicci\u00f3n de los juzgados viales de los municipios. Los juzgados contravencionales obligan a que los infractores realicen un curso de educaci\u00f3n vial para recuperar su licencia.<\/p>\n\n\n\n<p>Desde el 2023 a la actualidad, unas\u00a0<strong>1.000 personas\u00a0<\/strong>se desempe\u00f1aron en distintas tareas dentro de las acciones que<strong>\u00a0realiza Estrellas Amarillas\u00a0<\/strong>para conmemorar a las\u00a0<strong>v\u00edctimas de siniestros viales<\/strong>\u00a0con este s\u00edmbolo en el lugar de los accidentes.<\/p>\n\n\n\n<p>Una de las fundadoras de&nbsp;<strong>Estrellas Amarillas, Carina Quevedo<\/strong>&nbsp;relat\u00f3 que a trav\u00e9s de una prueba piloto con el juzgado contravensional N\u00b01 se comenz\u00f3 a trabajar para&nbsp;<strong>generar conciencia<\/strong>, &#8220;y se nos enviaban<strong>&nbsp;entre 50 y 60 personas<\/strong>&nbsp;para participar de distintas actividades, entre las cuales est\u00e1 la de pintar las estrellas&#8221;.<\/p>\n\n\n\n<p>&#8220;Hay que destacar el valor de estos dos jueces contravencionales- Guillermo Lorca y Marcela Araujo- en ser los&nbsp;<strong>\u00fanicos juzgados del pa\u00eds en el que ordenan el trabajo comunitario&nbsp;<\/strong>como parte de la pena. Es muy impactante c\u00f3mo estas&nbsp;<strong>personas hacen un clic y nos ayudan a cortar la calle<\/strong>,<strong>&nbsp;nos cuidan mientras realizamos la pintura.<\/strong>&nbsp;Y todo esto se da porque en una charla previa, nosotros podemos expresarles el dolor de una familia cuando pierde un ser querido&#8221;, sostuvo Quevedo.<\/p>\n\n\n\n<p>La referente de las Estrellas Amarillas pint\u00f3 la primera de estas insignias en memoria de su hijo Juan Ignacio Mayore, que ten\u00eda 17 a\u00f1os cuando el 18 de octubre de 2017 perdi\u00f3 la vida en un hecho vial. El joven ven\u00eda de acompa\u00f1ante en un auto en el que manejaba un amigo. El coche sali\u00f3 de control en una curva muy cerrada e impact\u00f3 dos pivotes de hierro. Uno de los hitos met\u00e1licos se incrust\u00f3 justo donde Juani estaba sentado.<\/p>\n\n\n\n<p>&#8220;Los condenados que infringieron las normas viales por manejar alcoholizados&nbsp;<strong>nos ayudan a pintar<\/strong>, o son los encargados de&nbsp;<strong>repartir folletos en estas actividades,<\/strong>&nbsp;hablan con la gente o tambi\u00e9n<strong>&nbsp;marcan las infracciones de tr\u00e1nsito<\/strong>&nbsp;que pueden estar viendo en ese momento. Llevan los chalecos de Estrellas Amarillas y as\u00ed los ponemos desde otro rol, ahora para prevenir un hecho de tr\u00e1nsito&#8221;, explic\u00f3.<\/p>\n\n\n\n<p>Quevedo volvi\u00f3 a insistir: &#8220;B\u00e1sicamente nuestro aporte a la sociedad es que vivencien pintar una estrella y que est\u00e9n con los familiares del dolor de los familiares y que escuchen nuestro testimonio de vida&#8221;.<\/p>\n\n\n\n<p>Para este grupo de personas que marcan con una estrella las calles es vital que hayan pol\u00edticas p\u00fablicas para la prevenci\u00f3n y para el tratamiento de adicciones al alcohol, como un abordaje concreto para las familias que perdieron un ser querido.<\/p>\n\n\n\n<h2 class=\"wp-block-heading\"><strong>Cu\u00e1les es la sanci\u00f3n por manejar en estado de ebriedad en Mendoza<\/strong><\/h2>\n\n\n\n<p>En Mendoza, la Ley de Tr\u00e1nsito acepta un m\u00ednimo permitido que es 0,5 gramos de alcohol en sangre y de excederse ese l\u00edmite las sanciones son:&nbsp;<strong>inhabilitaci\u00f3n para conducir por entre 30 y 180 d\u00edas<\/strong>,&nbsp;<strong>multas&nbsp;<\/strong>entre&nbsp;<strong>$381.000 (3.000 UF)&nbsp;<\/strong>y<strong>&nbsp;$762.000&nbsp;<\/strong>(6.000 UF) y r<strong>etenci\u00f3n de licencia de conducir<\/strong>.<\/p>\n\n\n\n<p>Con&nbsp;<strong>m\u00e1s de 1 gramo de alcohol en sangre<\/strong>, la falta establece multa de entre&nbsp;<strong>$508.000 (4.000 UF) a $1.143.000&nbsp;<\/strong>(9.000 UF), inhabilitaci\u00f3n para conducir veh\u00edculos desde 90 a 365 d\u00edas, retenci\u00f3n del rodado y arresto de hasta 30 d\u00edas y los juzgados contravencionales imponen la realizaci\u00f3n de trabajo comunitario con Estrellas Amarillas.<\/p>\n\n\n\n<p>De acuerdo con datos de la Direcci\u00f3n de Unidad Ejecutiva de Seguridad Vial Gobierno de Mendoza, a cargo de Orlando Corval\u00e1n, en 2023 se labraron 2.539 actas en total. De las cuales,\u00a0<strong>1.183 casos corresponden a conductores que el dosaje les arroj\u00f3 el resultado de menos de un gramo de alcohol en sangre, mientras que 1.356 actas ten\u00edan m\u00e1s de un gramo.<\/strong><\/p>\n\n\n\n<p>Al ser consultado sobre el flagelo de las tragedias viales, como la segunda causa de las muertes violentas en Mendoza, Corval\u00e1n analiz\u00f3: &#8220;La seguridad vial es un bien social por lo tanto no es posible asignar toda la responsabilidad al Estado \u00fanicamente. Evidentemente es una asignatura pendiente de la humanidad porque m\u00e1s de 1.200.000 personas fallecen por a\u00f1o. Nada dio un resultado contundente en el mundo. Por ello es una preocupaci\u00f3n de la Organizaci\u00f3n Mundial de la Salud (OMS) y debemos trabajar desde una mirada multifac\u00e9tica, tambi\u00e9n desde la salud (cl\u00ednica, psicol\u00f3gica), la educaci\u00f3n, la sociolog\u00eda, la justicia entre otros&#8221;.<\/p>\n\n\n\n<p>Respecto a la pol\u00e9mica de que Mendoza adhiera a la La ley de alcohol Cero, Corval\u00e1n declar\u00f3 que no es la soluci\u00f3n porque&nbsp;<strong>hay provincias donde hace m\u00e1s de 10 a\u00f1os con esta restricci\u00f3n<\/strong>&nbsp;y<strong>&nbsp;tampoco<\/strong>, lamentablemente, lograron&nbsp;<strong>bajar la cantidad de fallecidos.<\/strong><\/p>\n\n\n\n<p>Para el funcionario, &#8220;el problema no es el l\u00edmite inferior que se imponga, sino que son las excesivas cantidades de alcohol las que influyen para que se produzcan estos siniestros viales graves, sumando a la alta velocidad.Es imperativo que ninguna conducta negligente individual ponga en peligro la vida de otros usuarios de la v\u00eda p\u00fablica&#8221;.<\/p>\n\n\n\n<h2 class=\"wp-block-heading\"><strong>El proyecto de Alfredo Cornejo para endurecer las penas en el C\u00f3digo Penal<\/strong><\/h2>\n\n\n\n<p>El gobernador Alfredo Cornejo y la ministra de Seguridad y Justicia Mercedes Rus le presentaron a la ministra Patricia Bullrich un proyecto para enduerecer las penas para conductores en estado de ebriedad, que cometan tragedias viales.<\/p>\n\n\n\n<p>En concreto, busca aumentar del&nbsp;<strong>m\u00ednimo de la pena en el homicidio culposo agravado<\/strong>&nbsp;por la&nbsp;<strong>conducci\u00f3n antirreglamentaria de un veh\u00edculo.<\/strong><\/p>\n\n\n\n<p>&#8220;Nosotros pedimos que sea mayor, justamente para que esa persona pueda quedar detenida y cumpla una condena acorde a la acci\u00f3n que cometi\u00f3, que se trata de un alto desprecio por la vida humana\u201d, manifest\u00f3 Rus en aquella oportunidad.<\/p>\n\n\n\n<p><strong>Fuente: www.diariouno.com.ar<\/strong><\/p>\n","protected":false},"excerpt":{"rendered":"<p>Mendoza arroja cifras negras por muertes en accidentes de tr\u00e1nsito, porque s\u00f3lo en lo que va del 2024,\u00a076 personas perdieron la vida en\u00a0accidentes de tr\u00e1nsito.\u00a0Uno de los casos m\u00e1s conmocionantes fue el doble homicidio en el Acceso Sur, en el que un preventor y un polic\u00eda fueron atropellados por un automovilista que iba a toda [&hellip;]<\/p>\n","protected":false},"author":2,"featured_media":7662,"comment_status":"open","ping_status":"open","sticky":false,"template":"","format":"standard","meta":[],"categories":[50],"tags":[],"_links":{"self":[{"href":"https:\/\/pasaenmendoza.com\/index.php?rest_route=\/wp\/v2\/posts\/7661"}],"collection":[{"href":"https:\/\/pasaenmendoza.com\/index.php?rest_route=\/wp\/v2\/posts"}],"about":[{"href":"https:\/\/pasaenmendoza.com\/index.php?rest_route=\/wp\/v2\/types\/post"}],"author":[{"embeddable":true,"href":"https:\/\/pasaenmendoza.com\/index.php?rest_route=\/wp\/v2\/users\/2"}],"replies":[{"embeddable":true,"href":"https:\/\/pasaenmendoza.com\/index.php?rest_route=%2Fwp%2Fv2%2Fcomments&post=7661"}],"version-history":[{"count":1,"href":"https:\/\/pasaenmendoza.com\/index.php?rest_route=\/wp\/v2\/posts\/7661\/revisions"}],"predecessor-version":[{"id":7663,"href":"https:\/\/pasaenmendoza.com\/index.php?rest_route=\/wp\/v2\/posts\/7661\/revisions\/7663"}],"wp:featuredmedia":[{"embeddable":true,"href":"https:\/\/pasaenmendoza.com\/index.php?rest_route=\/wp\/v2\/media\/7662"}],"wp:attachment":[{"href":"https:\/\/pasaenmendoza.com\/index.php?rest_route=%2Fwp%2Fv2%2Fmedia&parent=7661"}],"wp:term":[{"taxonomy":"category","embeddable":true,"href":"https:\/\/pasaenmendoza.com\/index.php?rest_route=%2Fwp%2Fv2%2Fcategories&post=7661"},{"taxonomy":"post_tag","embeddable":true,"href":"https:\/\/pasaenmendoza.com\/index.php?rest_route=%2Fwp%2Fv2%2Ftags&post=7661"}],"curies":[{"name":"wp","href":"https:\/\/api.w.org\/{rel}","templated":true}]}}