{"id":7674,"date":"2024-05-21T15:49:38","date_gmt":"2024-05-21T13:49:38","guid":{"rendered":"https:\/\/pasaenmendoza.com\/?p=7674"},"modified":"2024-05-21T15:49:40","modified_gmt":"2024-05-21T13:49:40","slug":"asalto-a-mano-armada-y-robo-de-moto-en-las-heras","status":"publish","type":"post","link":"https:\/\/pasaenmendoza.com\/?p=7674","title":{"rendered":"Asalto a mano armada y robo de moto en Las Heras"},"content":{"rendered":"\n<p>En la noche de este lunes, alrededor de las 22:20, un hombre de 26 a\u00f1os identificado como S. C. fue v\u00edctima de un\u00a0<strong>violento asalto en la intersecci\u00f3n de las calles Neuqu\u00e9n e Hip\u00f3lito Irigoyen, en Las Heras.<\/strong>\u00a0La jurisdicci\u00f3n corresponde a la Comisar\u00eda 36\u00b0, que intervino r\u00e1pidamente en el incidente.<\/p>\n\n\n\n<p>El hecho se produjo mientras S. C. circulaba por la zona en su&nbsp;<strong>motocicleta Rouser 200cc<\/strong>. Seg\u00fan fuentes policiales, dos individuos interceptaron al joven y, bajo amenaza con un&nbsp;<strong>arma de fuego, le sustrajeron el veh\u00edculo.<\/strong>&nbsp;Afortunadamente, no se reportaron lesiones f\u00edsicas al hombre durante el asalto.<\/p>\n\n\n\n<p>La<strong>\u00a0Oficina Fiscal No. 06 de la Comisar\u00eda 36\u00b0<\/strong>\u00a0est\u00e1 a cargo de la investigaci\u00f3n del caso. Las autoridades desplegaron un operativo para dar con los responsables del roboy piden la colaboraci\u00f3n de la comunidad para aportar cualquier informaci\u00f3n que pueda ayudar a esclarecer el hecho y recuperar la motocicleta sustra\u00edda.<\/p>\n\n\n\n<p><strong>Fuente: www.mendozapost.com<\/strong><\/p>\n","protected":false},"excerpt":{"rendered":"<p>En la noche de este lunes, alrededor de las 22:20, un hombre de 26 a\u00f1os identificado como S. C. fue v\u00edctima de un\u00a0violento asalto en la intersecci\u00f3n de las calles Neuqu\u00e9n e Hip\u00f3lito Irigoyen, en Las Heras.\u00a0La jurisdicci\u00f3n corresponde a la Comisar\u00eda 36\u00b0, que intervino r\u00e1pidamente en el incidente. El hecho se produjo mientras S. [&hellip;]<\/p>\n","protected":false},"author":2,"featured_media":7675,"comment_status":"open","ping_status":"open","sticky":false,"template":"","format":"standard","meta":[],"categories":[48],"tags":[],"_links":{"self":[{"href":"https:\/\/pasaenmendoza.com\/index.php?rest_route=\/wp\/v2\/posts\/7674"}],"collection":[{"href":"https:\/\/pasaenmendoza.com\/index.php?rest_route=\/wp\/v2\/posts"}],"about":[{"href":"https:\/\/pasaenmendoza.com\/index.php?rest_route=\/wp\/v2\/types\/post"}],"author":[{"embeddable":true,"href":"https:\/\/pasaenmendoza.com\/index.php?rest_route=\/wp\/v2\/users\/2"}],"replies":[{"embeddable":true,"href":"https:\/\/pasaenmendoza.com\/index.php?rest_route=%2Fwp%2Fv2%2Fcomments&post=7674"}],"version-history":[{"count":1,"href":"https:\/\/pasaenmendoza.com\/index.php?rest_route=\/wp\/v2\/posts\/7674\/revisions"}],"predecessor-version":[{"id":7676,"href":"https:\/\/pasaenmendoza.com\/index.php?rest_route=\/wp\/v2\/posts\/7674\/revisions\/7676"}],"wp:featuredmedia":[{"embeddable":true,"href":"https:\/\/pasaenmendoza.com\/index.php?rest_route=\/wp\/v2\/media\/7675"}],"wp:attachment":[{"href":"https:\/\/pasaenmendoza.com\/index.php?rest_route=%2Fwp%2Fv2%2Fmedia&parent=7674"}],"wp:term":[{"taxonomy":"category","embeddable":true,"href":"https:\/\/pasaenmendoza.com\/index.php?rest_route=%2Fwp%2Fv2%2Fcategories&post=7674"},{"taxonomy":"post_tag","embeddable":true,"href":"https:\/\/pasaenmendoza.com\/index.php?rest_route=%2Fwp%2Fv2%2Ftags&post=7674"}],"curies":[{"name":"wp","href":"https:\/\/api.w.org\/{rel}","templated":true}]}}