{"id":7677,"date":"2024-05-21T22:51:10","date_gmt":"2024-05-21T20:51:10","guid":{"rendered":"https:\/\/pasaenmendoza.com\/?p=7677"},"modified":"2024-05-21T22:51:11","modified_gmt":"2024-05-21T20:51:11","slug":"sin-milei-pero-con-lobby-a-su-favor-el-particular-pacto-de-mayo-que-firmaran-6-gobernadores-en-san-juan","status":"publish","type":"post","link":"https:\/\/pasaenmendoza.com\/?p=7677","title":{"rendered":"Sin Milei, pero con lobby a su favor: el particular &#8220;Pacto de Mayo&#8221; que firmar\u00e1n 6 gobernadores en San Juan"},"content":{"rendered":"\n<p>Seis gobernadores se reunir\u00e1n en San Juan para impulsar la miner\u00eda. Habr\u00e1 un nuevo expl\u00edcito apoyo a la Ley Bases y el r\u00e9gimen de inversiones impulsados por Javier Milei.<\/p>\n\n\n\n<p>El\u00a0&#8220;<strong>Pacto de Mayo<\/strong>&#8221;\u00a0fracas\u00f3 de hecho por la falta de acuerdo y por la demora en la aprobaci\u00f3n de la Ley Bases. Por eso no habr\u00e1 cumbre federal en C\u00f3rdoba, como hab\u00eda propuesto el presidente<strong>\u00a0Javier Milei\u00a0<\/strong>y varios gobernadores se quedaron con el pasaje comprado. Sin embargo, en San Juan habr\u00e1 una cumbre, un &#8220;mini pacto&#8221; entre mandatarios provinciales que har\u00e1n lobby y presi\u00f3n a favor de una de las pol\u00edticas del Presidente. La cita es en San Juan y con un fin espec\u00edfico: impulsar la miner\u00eda, en particular la explotaci\u00f3n de los yacimientos de cobre, y presionar para que se sancione la Ley Bases con el R\u00e9gimen de Incentivos a las Grandes Inversiones (RIGI)\u00a0incluido.\u00a0<\/p>\n\n\n\n<p>El &#8220;mini&nbsp;<strong>pacto<\/strong>&#8221; de mayo tendr\u00e1 como protagonistas a Marcelo Orrego, de&nbsp;<strong>San Juan<\/strong>, Ra\u00fal Jalil, de&nbsp;<strong>Catamarca<\/strong>,&nbsp;Gustavo S\u00e1enz, de&nbsp;<strong>Salta<\/strong>,&nbsp;Carlos Sadir,&nbsp;de&nbsp;<strong>Jujuy<\/strong>, y Alfredo Cornejo, el gobernador de&nbsp;<strong>Mendoza&nbsp;<\/strong>que busca ganar primero la batalla discursiva para instalar en la provincia a esa actividad como positiva. Una de las sorpresas ser\u00e1 la presencia del gobernador de&nbsp;<strong>C\u00f3rdoba<\/strong>, Mart\u00edn Llaryora.<\/p>\n\n\n\n<p>El cordob\u00e9s teje sus propias relaciones entre grupos diversos y est\u00e1 dispuesto a ser anfitri\u00f3n de\u00a0<strong>Milei<\/strong>, a\u00fan sin\u00a0<strong>Pacto de Mayo<\/strong>. A San Juan va como invitado especial, pero no ingenuo. Ya hab\u00eda apoyado expl\u00edcitamente el RIGI y la miner\u00eda, pero pidi\u00e9ndole a las empresas que &#8220;contraten mano de obra e industrias&#8221; cordobesas. Incluso hay otro as bajo la manga del cordob\u00e9s, y es la presi\u00f3n para que en los planes energ\u00e9ticos est\u00e9 incluida la producci\u00f3n de biocombustibles, una industria que tiene a esa provincia como uno de los principales lobistas.\u00a0<\/p>\n\n\n\n<p>El &#8220;<strong>pacto del cobre&#8221;<\/strong>&nbsp;apunta a potenciar la explotaci\u00f3n de un mineral considerado cr\u00edtico y que tendr\u00e1 un aumento en la demanda por la transici\u00f3n energ\u00e9tica. Argentina no tiene ninguna mina en producci\u00f3n, pero s\u00ed un potencial enorme. Hay 8 proyectos en exploraci\u00f3n avanzada que tienen planes de entrar en producci\u00f3n de manera escalonada en 10 a\u00f1os. Josemar\u00eda, Pach\u00f3n y Los Azules en San Juan, Taca Taca en Salta y Mara en Catamarca son los principales. Las promesas de inversi\u00f3n rondan los 20 mil millones de d\u00f3lares, pero las empresas esperan se\u00f1ales pol\u00edticas y econ\u00f3micas a largo plazo.<\/p>\n\n\n\n<p>El RIGI incluido en la Ley Bases est\u00e1 hecho casi a medida de esa actividad. Entre otras cosas, prev\u00e9 beneficios fiscales, econ\u00f3micos, aduaneros y estabilidad legal. La ley bases fue aprobada en diputados, pero en el Senado se empantan\u00f3 el camino. Algunas de las objeciones al plan de promoci\u00f3n de las inversiones tienen que ver con la distorsi\u00f3n que puede generar con otras actividades menos intensivas en capital. Tambi\u00e9n con las potestades sobre los recursos. Es que la media sanci\u00f3n de Diputados proh\u00edbe a las provincias imponer condiciones a los beneficiarios del RIGI, algo que muchos consideran que est\u00e1 re\u00f1ido con lo determinado por la Constituci\u00f3n. Los gobernadores tienen una de las llaves para destrabar el tema. En San Juan\u00a0<strong>Milei\u00a0<\/strong>cosechar\u00e1 adhesiones, a\u00fan con su ausencia.\u00a0<\/p>\n\n\n\n<p>FUENTE: MDZonline.<\/p>\n","protected":false},"excerpt":{"rendered":"<p>Seis gobernadores se reunir\u00e1n en San Juan para impulsar la miner\u00eda. Habr\u00e1 un nuevo expl\u00edcito apoyo a la Ley Bases y el r\u00e9gimen de inversiones impulsados por Javier Milei. El\u00a0&#8220;Pacto de Mayo&#8221;\u00a0fracas\u00f3 de hecho por la falta de acuerdo y por la demora en la aprobaci\u00f3n de la Ley Bases. Por eso no habr\u00e1 cumbre [&hellip;]<\/p>\n","protected":false},"author":2,"featured_media":7678,"comment_status":"open","ping_status":"open","sticky":true,"template":"","format":"standard","meta":[],"categories":[47],"tags":[],"_links":{"self":[{"href":"https:\/\/pasaenmendoza.com\/index.php?rest_route=\/wp\/v2\/posts\/7677"}],"collection":[{"href":"https:\/\/pasaenmendoza.com\/index.php?rest_route=\/wp\/v2\/posts"}],"about":[{"href":"https:\/\/pasaenmendoza.com\/index.php?rest_route=\/wp\/v2\/types\/post"}],"author":[{"embeddable":true,"href":"https:\/\/pasaenmendoza.com\/index.php?rest_route=\/wp\/v2\/users\/2"}],"replies":[{"embeddable":true,"href":"https:\/\/pasaenmendoza.com\/index.php?rest_route=%2Fwp%2Fv2%2Fcomments&post=7677"}],"version-history":[{"count":1,"href":"https:\/\/pasaenmendoza.com\/index.php?rest_route=\/wp\/v2\/posts\/7677\/revisions"}],"predecessor-version":[{"id":7679,"href":"https:\/\/pasaenmendoza.com\/index.php?rest_route=\/wp\/v2\/posts\/7677\/revisions\/7679"}],"wp:featuredmedia":[{"embeddable":true,"href":"https:\/\/pasaenmendoza.com\/index.php?rest_route=\/wp\/v2\/media\/7678"}],"wp:attachment":[{"href":"https:\/\/pasaenmendoza.com\/index.php?rest_route=%2Fwp%2Fv2%2Fmedia&parent=7677"}],"wp:term":[{"taxonomy":"category","embeddable":true,"href":"https:\/\/pasaenmendoza.com\/index.php?rest_route=%2Fwp%2Fv2%2Fcategories&post=7677"},{"taxonomy":"post_tag","embeddable":true,"href":"https:\/\/pasaenmendoza.com\/index.php?rest_route=%2Fwp%2Fv2%2Ftags&post=7677"}],"curies":[{"name":"wp","href":"https:\/\/api.w.org\/{rel}","templated":true}]}}