{"id":7680,"date":"2024-05-21T23:01:56","date_gmt":"2024-05-21T21:01:56","guid":{"rendered":"https:\/\/pasaenmendoza.com\/?p=7680"},"modified":"2024-05-21T23:01:57","modified_gmt":"2024-05-21T21:01:57","slug":"legitima-defensa-el-gobierno-defendio-a-la-policia-que-mato-a-un-asaltante-en-las-heras","status":"publish","type":"post","link":"https:\/\/pasaenmendoza.com\/?p=7680","title":{"rendered":"\u201cLeg\u00edtima defensa\u201d: el Gobierno defendi\u00f3 a la polic\u00eda que mat\u00f3 a un asaltante en Las Heras"},"content":{"rendered":"\n<p>La ministra de Seguridad, Mercedes Rus, sostuvo que la efectivo enfrent\u00f3 una \u201camenaza contundente\u201d del presunto delincuente. Aclar\u00f3 que est\u00e1 con custodia y con asistencia psicol\u00f3gica.<\/p>\n\n\n\n<p>La ministra de Seguridad y Justicia,&nbsp;<mark><strong>Mercedes Rus<\/strong>, defendi\u00f3 a la polic\u00eda que este martes&nbsp;<a href=\"https:\/\/www.elsol.com.ar\/policiales\/un-policia-abatio-a-un-asaltante-en-las-heras\/\">abati\u00f3 a un malviviente tras un intento robo<\/a><\/mark>&nbsp;de sus pertenencias. El hecho ocurri\u00f3 en Las Heras y para la funcionaria se trata de una \u201c<em>clara situaci\u00f3n de leg\u00edtima defensa<\/em>\u201d.<\/p>\n\n\n\n<p>Rus consider\u00f3 que \u201c<em>Investigaciones detect\u00f3 un arma tumbera en el lugar que fue secuestrada.&nbsp;<mark>Da cuenta de una amenaza contundente de parte del agresor.<\/mark>&nbsp;La efectivo tiene lesiones, eso habla de una agresi\u00f3n por parte del atacante<\/em>\u201d.<\/p>\n\n\n\n<p>Respecto a la situaci\u00f3n legal de la oficial, la ministra sostuvo que \u201c<em><mark>vemos una situaci\u00f3n clara de leg\u00edtima defensa. Creo que desde el Ministerio P\u00fablico lo ven as\u00ed tambi\u00e9n<\/mark><\/em>\u201d.<\/p>\n\n\n\n<p>La funcionaria a cargo de la seguridad explic\u00f3 que la polic\u00eda est\u00e1 siendo contenida&nbsp; desde el \u00e1rea de Asistencia a la V\u00edctima. \u201c<em>Ella ya est\u00e1 en su casa, con custodia policial. Por supuesto que sigue muy conmocionada porque estas situaciones no son f\u00e1ciles de atravesar. Es una situaci\u00f3n triste<\/em>\u201d, afirm\u00f3 Rus.<\/p>\n\n\n\n<p>Otro que se sum\u00f3 al apoyo de la oficial policial fue el intendente de Las Heras,&nbsp;<strong>Francisco Lo Presti<\/strong>&nbsp;y record\u00f3 que hay una ordenanza vigente para que los due\u00f1os de lotes hagan el cierre perimetral para reducir los riesgos de la inseguridad. El hecho de este martes se produjo en un descampado.<\/p>\n\n\n\n<p>\u201c<em>Estamos intimando a los due\u00f1os de estos terrenos para que hagan el cierre correspondiente. Tienen un plazo de un a\u00f1o. En caso de que no lo haga, el municipio realizar\u00e1 ese cierre y cargar\u00e1 el gasto de las mismas en el padr\u00f3n municipal. Es una ordenanza que ya est\u00e1 en vigencia<\/em>\u201d, remarc\u00f3.<\/p>\n\n\n\n<h2 class=\"wp-block-heading\" id=\"h-el-caso\">El caso<\/h2>\n\n\n\n<p>En la madrugada de este martes, en calles<strong>&nbsp;San Mart\u00edn y Pellegrini<\/strong>, en el distrito&nbsp;<strong>Panquehua&nbsp;<\/strong>de&nbsp;<strong>Las Heras<\/strong>, una polic\u00eda abati\u00f3 a un hombre con antecedentes que intent\u00f3 asaltarla. En esa instancia,&nbsp;<strong>Juan Ariel Azcurra&nbsp;<\/strong>recibi\u00f3 un disparo certero que termin\u00f3 con su vida.<\/p>\n\n\n\n<p>La causa qued\u00f3 a cargo de la<strong>&nbsp;fiscal de Homicidios Andrea Lazo<\/strong>. La polic\u00eda se encuentra en su hogar con custodia y con acompa\u00f1amiento psicol\u00f3gico.<\/p>\n\n\n\n<p>Seg\u00fan testigos de la zona, la agente se encontraba en una parada de colectivo para ir a su trabajo cuando fue abordada por\u00a0<strong>Juan Ariel Azcurra<\/strong>, de 31 a\u00f1os, que\u00a0contaba con un importante prontuario delictivo. El malviviente agredi\u00f3 con un arma tumbera en la cabeza a la efectivo de civil, quien presta servicio en la\u00a0<strong>Polic\u00eda Contra el Narcotr\u00e1fico<\/strong>\u00a0(<strong>PCN<\/strong>), dependiente de la\u00a0<strong>Direcci\u00f3n de Investigaciones<\/strong>.<\/p>\n\n\n\n<p>Tras un forcejeo y en un presunto intento de robo del arma reglamentaria, la polic\u00eda efectu\u00f3 a la detonaci\u00f3n de varios disparos.<\/p>\n\n\n\n<p>FUENTE: Elsol.com.ar <\/p>\n","protected":false},"excerpt":{"rendered":"<p>La ministra de Seguridad, Mercedes Rus, sostuvo que la efectivo enfrent\u00f3 una \u201camenaza contundente\u201d del presunto delincuente. Aclar\u00f3 que est\u00e1 con custodia y con asistencia psicol\u00f3gica. La ministra de Seguridad y Justicia,&nbsp;Mercedes Rus, defendi\u00f3 a la polic\u00eda que este martes&nbsp;abati\u00f3 a un malviviente tras un intento robo&nbsp;de sus pertenencias. El hecho ocurri\u00f3 en Las Heras [&hellip;]<\/p>\n","protected":false},"author":2,"featured_media":7687,"comment_status":"open","ping_status":"open","sticky":true,"template":"","format":"standard","meta":[],"categories":[47],"tags":[],"_links":{"self":[{"href":"https:\/\/pasaenmendoza.com\/index.php?rest_route=\/wp\/v2\/posts\/7680"}],"collection":[{"href":"https:\/\/pasaenmendoza.com\/index.php?rest_route=\/wp\/v2\/posts"}],"about":[{"href":"https:\/\/pasaenmendoza.com\/index.php?rest_route=\/wp\/v2\/types\/post"}],"author":[{"embeddable":true,"href":"https:\/\/pasaenmendoza.com\/index.php?rest_route=\/wp\/v2\/users\/2"}],"replies":[{"embeddable":true,"href":"https:\/\/pasaenmendoza.com\/index.php?rest_route=%2Fwp%2Fv2%2Fcomments&post=7680"}],"version-history":[{"count":1,"href":"https:\/\/pasaenmendoza.com\/index.php?rest_route=\/wp\/v2\/posts\/7680\/revisions"}],"predecessor-version":[{"id":7688,"href":"https:\/\/pasaenmendoza.com\/index.php?rest_route=\/wp\/v2\/posts\/7680\/revisions\/7688"}],"wp:featuredmedia":[{"embeddable":true,"href":"https:\/\/pasaenmendoza.com\/index.php?rest_route=\/wp\/v2\/media\/7687"}],"wp:attachment":[{"href":"https:\/\/pasaenmendoza.com\/index.php?rest_route=%2Fwp%2Fv2%2Fmedia&parent=7680"}],"wp:term":[{"taxonomy":"category","embeddable":true,"href":"https:\/\/pasaenmendoza.com\/index.php?rest_route=%2Fwp%2Fv2%2Fcategories&post=7680"},{"taxonomy":"post_tag","embeddable":true,"href":"https:\/\/pasaenmendoza.com\/index.php?rest_route=%2Fwp%2Fv2%2Ftags&post=7680"}],"curies":[{"name":"wp","href":"https:\/\/api.w.org\/{rel}","templated":true}]}}