{"id":7691,"date":"2024-05-21T23:10:24","date_gmt":"2024-05-21T21:10:24","guid":{"rendered":"https:\/\/pasaenmendoza.com\/?p=7691"},"modified":"2024-05-21T23:10:25","modified_gmt":"2024-05-21T21:10:25","slug":"el-intendente-de-las-heras-sera-el-primero-en-comprar-lo-que-produzcan-los-presos","status":"publish","type":"post","link":"https:\/\/pasaenmendoza.com\/?p=7691","title":{"rendered":"El intendente de Las Heras ser\u00e1 el primero en comprar lo que produzcan los presos"},"content":{"rendered":"\n<p>Para que una idea productiva prospere no s\u00f3lo hay que generar el producto, tambi\u00e9n hay que conseguir quien est\u00e9 interesado en comprarlo. Eso es lo que logr\u00f3 el Gobierno este martes: luego de anunciar que\u00a0un par de empresas emplear\u00e1 a presos de Almafuerte, acord\u00f3 con\u00a0<strong>el intendente de Las Heras, Francisco Lo Presti, que esa comuna comprar\u00e1 lo que produzcan los internos.<\/strong><\/p>\n\n\n\n<p>De esta manera,<strong>\u00a0el jefe comunal invertir\u00e1 $150 millones y se ahorrar\u00e1 $20 millones<\/strong>.<\/p>\n\n\n\n<p>El gobernador Alfredo Cornejo anunci\u00f3 que ya comenz\u00f3 una prueba piloto en el penal de Almafuerte para que los presos trabajen, a cargo de empresas privadas. &#8220;Los queremos trabajando en oficios concretos que permitan la resocializaci\u00f3n posterior&#8221;, dijo sobre el proyecto.<\/p>\n\n\n\n<p>Y adelant\u00f3 que\u00a0<strong>ya hay empresas de construcciones livianas que ofrecieron poner un taller dentro de la penitenciar\u00eda y pagarles el sueldo\u00a0<\/strong>a los presos-trabajadores. &#8220;Eso es un gran aporte&#8221;, expres\u00f3 el mandatario que acu\u00f1a esa obsesi\u00f3n desde su primera gesti\u00f3n.<\/p>\n\n\n\n<p>En mayo del 2017 sancion\u00f3 la ley para que fuese una obligaci\u00f3n para esos internos estudiar o trabajar. En aquel momento eran 2.300 los presos que ten\u00edan esa obligatoriedad.<\/p>\n\n\n\n<p>Ahora la ministra de Seguridad, Mercedes Rus, anunci\u00f3 que el intendente lasherino<strong>&nbsp;es el primer interesado en comprar lo que ya se produce en los talleres de San Felipe<\/strong>, en el penal de Boulogne Sur Mer,&nbsp;<strong>y lo que a futuro se genere en Almafuerte.<\/strong><\/p>\n\n\n\n<p>&#8220;Son bienes y servicios que los privados de libertad hoy fabrican en contextos de encierro. Eso es importante para el servicio, que ya viene trabajando y aumentando su facturaci\u00f3n considerablemente en distintos talleres y trabajos. Y beneficia al municipio porque puede obtener eficiencia en cuanto a lo econ\u00f3mico&#8221;, detall\u00f3 la funcionaria.<\/p>\n\n\n\n<p>Para graficar c\u00f3mo ha ido subiendo la productividad de los internos que ya trabajan en los talleres de San Felipe, la ministra asegur\u00f3 que\u00a0<strong>han incrementado lo que producen &#8220;en un 300%&#8221;<\/strong>\u00a0y asegur\u00f3 que ese crecimiento les permite convocar a nuevos proveedores.<\/p>\n\n\n\n<h2 class=\"wp-block-heading\">El traslado de los presos y la posibilidad de que puedan trabajar<\/h2>\n\n\n\n<p>En medio de la conferencia de prensa que se arm\u00f3 alrededor del acuerdo con Lo Presti, se la consult\u00f3 a Rus sobre qu\u00e9 empresas ser\u00edan las que emplear\u00edan a los internos y c\u00f3mo se implementar\u00eda el futuro trabajo.<\/p>\n\n\n\n<p>Ella asegur\u00f3 que el reciente\u00a0traslado de presos a ese penal de Cacheuta\u00a0y la chance de que pueda aprender un oficio y reciban una retribuci\u00f3n por eso se da por la nueva capacidad instalada que tiene esa c\u00e1rcel.<\/p>\n\n\n\n<p>&#8220;Almafuerte 2 tiene nuevos galpones de cerca de 600 metros cuadrados que nos van a permitir incorporar al privado de la libertad a contextos de \u00e1reas laborales. Poder capacitarlos en materia laboral, nos va a permitir aumentar cualitativamente y tambi\u00e9n en producci\u00f3n de m\u00e1s cantidad, todo lo que tiene que ver con el trabajo intramuros&#8221;, se proyect\u00f3 Rus.<\/p>\n\n\n\n<p>Sin dar nombres, asegur\u00f3 que se trata de empresas que ya est\u00e1 instaladas y que a partir de esta posibilidad pueden generar trabajos a mayor escala.<\/p>\n\n\n\n<p>La aspiraci\u00f3n del Gobierno es que esas mismas empresas que empleen a internos del penal puedan, cuando el interno tenga salidas transitorias o recupere la libertad, emplearlos de manera formal.<\/p>\n\n\n\n<p>&#8220;La externalidad positiva de este sistema se cumple si efectivamente esta persona privada de la libertad no s\u00f3lo adquiera un oficio, sino que le permita eventualmente trabajar en otros lados, que directamente salga y tenga un lugar de trabajo puntual. Que esa persona cuando salga no tenga tiempo ocioso, sino que tenga un trabajo y algo de qu\u00e9 vivir&#8221;, asumi\u00f3.<\/p>\n\n\n\n<p><strong>Fuente: www.diariouno.com.ar<\/strong><\/p>\n","protected":false},"excerpt":{"rendered":"<p>Para que una idea productiva prospere no s\u00f3lo hay que generar el producto, tambi\u00e9n hay que conseguir quien est\u00e9 interesado en comprarlo. Eso es lo que logr\u00f3 el Gobierno este martes: luego de anunciar que\u00a0un par de empresas emplear\u00e1 a presos de Almafuerte, acord\u00f3 con\u00a0el intendente de Las Heras, Francisco Lo Presti, que esa comuna [&hellip;]<\/p>\n","protected":false},"author":2,"featured_media":7692,"comment_status":"open","ping_status":"open","sticky":false,"template":"","format":"standard","meta":[],"categories":[50],"tags":[],"_links":{"self":[{"href":"https:\/\/pasaenmendoza.com\/index.php?rest_route=\/wp\/v2\/posts\/7691"}],"collection":[{"href":"https:\/\/pasaenmendoza.com\/index.php?rest_route=\/wp\/v2\/posts"}],"about":[{"href":"https:\/\/pasaenmendoza.com\/index.php?rest_route=\/wp\/v2\/types\/post"}],"author":[{"embeddable":true,"href":"https:\/\/pasaenmendoza.com\/index.php?rest_route=\/wp\/v2\/users\/2"}],"replies":[{"embeddable":true,"href":"https:\/\/pasaenmendoza.com\/index.php?rest_route=%2Fwp%2Fv2%2Fcomments&post=7691"}],"version-history":[{"count":1,"href":"https:\/\/pasaenmendoza.com\/index.php?rest_route=\/wp\/v2\/posts\/7691\/revisions"}],"predecessor-version":[{"id":7694,"href":"https:\/\/pasaenmendoza.com\/index.php?rest_route=\/wp\/v2\/posts\/7691\/revisions\/7694"}],"wp:featuredmedia":[{"embeddable":true,"href":"https:\/\/pasaenmendoza.com\/index.php?rest_route=\/wp\/v2\/media\/7692"}],"wp:attachment":[{"href":"https:\/\/pasaenmendoza.com\/index.php?rest_route=%2Fwp%2Fv2%2Fmedia&parent=7691"}],"wp:term":[{"taxonomy":"category","embeddable":true,"href":"https:\/\/pasaenmendoza.com\/index.php?rest_route=%2Fwp%2Fv2%2Fcategories&post=7691"},{"taxonomy":"post_tag","embeddable":true,"href":"https:\/\/pasaenmendoza.com\/index.php?rest_route=%2Fwp%2Fv2%2Ftags&post=7691"}],"curies":[{"name":"wp","href":"https:\/\/api.w.org\/{rel}","templated":true}]}}