{"id":7696,"date":"2024-05-21T23:21:26","date_gmt":"2024-05-21T21:21:26","guid":{"rendered":"https:\/\/pasaenmendoza.com\/?p=7696"},"modified":"2024-05-21T23:21:27","modified_gmt":"2024-05-21T21:21:27","slug":"la-comuna-de-guaymallen-programo-el-remate-de-23-motos-y-14-autos-desde-el-lunes","status":"publish","type":"post","link":"https:\/\/pasaenmendoza.com\/?p=7696","title":{"rendered":"La Comuna de Guaymall\u00e9n program\u00f3 el remate de 23 motos y 14 autos desde el lunes"},"content":{"rendered":"\n<p>La Municipalidad de Guaymall\u00e9n inform\u00f3 que el remate de los veh\u00edculos estacionados en la playa de secuestros de El Sauce se har\u00e1 en sede judicial<\/p>\n\n\n\n<p>La\u00a0<strong>Municipalidad de Guaymall\u00e9n<\/strong>\u00a0inform\u00f3 que desde el lunes 27 y hasta el viernes 31 de mayo realizar\u00e1 un nuevo remate de veh\u00edculos -23 motos y 14 autos- alojados en la\u00a0playa de secuestros.<\/p>\n\n\n\n<p>Ser\u00e1n tres d\u00edas de puja que se realizar\u00e1n lunes, mi\u00e9rcoles y viernes de la semana que viene en la Oficina de Subastas Judiciales del Poder Judicial, ubicada en San Mart\u00edn 322 de Ciudad de Mendoza.<\/p>\n\n\n\n<p>Para ver los veh\u00edculos,\u00a0<strong>el \u00fanico d\u00eda de exhibici\u00f3n es este viernes 24 de mayo, de 8 a 16<\/strong>. Durante ese lapso se tiempo se abrir\u00e1 la playa de secuestros municipal ubicada en Tirasso y callej\u00f3n Los Eucaliptos del distrito El Sauce.<\/p>\n\n\n\n<h2 class=\"wp-block-heading\">El primer remate de Guaymall\u00e9n en 2024<\/h2>\n\n\n\n<p>Este ser\u00e1 el&nbsp;<strong>primer remate del a\u00f1o<\/strong>&nbsp;que organiza la Direcci\u00f3n de Asuntos Jur\u00eddicos de la&nbsp;<strong>Municipalidad de Guaymall\u00e9n<\/strong>. En 2023 se realizaron cuatro y se vendieron en total 221 veh\u00edculos entre motos y autos. En 2022 se realizaron cinco ediciones y salieron casi la misma cantidad de unidades.<\/p>\n\n\n\n<p>Para esta primera edici\u00f3n de 2024, en total hay 23 motos y 14 autos que se someter\u00e1n a puja de los interesados. El&nbsp;<strong>lunes 27 de mayo a las 10.30&nbsp;<\/strong>se abrir\u00e1 el proceso de remate que continuar\u00e1 el&nbsp;<strong>mi\u00e9rcoles 29 a las 10&nbsp;<\/strong>y cerrar\u00e1 el&nbsp;<strong>viernes 31 de mayo a las 9<\/strong>&nbsp;de la ma\u00f1ana.<\/p>\n\n\n\n<p>De acuerdo a la normativa vigente, la comuna puede rematar veh\u00edculos que sumen un m\u00ednimo de seis meses de la playa de secuestros, un organismo que naci\u00f3 en 2019 para alojar los veh\u00edculos retenidos por decisi\u00f3n de los juzgados viales del municipio.<\/p>\n\n\n\n<p>Desde la comuna que conduce Marcos Calvente, indicaron que &#8220;los remates se han convertido en una necesidad, dado que muchos propietarios prefieren dejar su veh\u00edculo alojado en la playa de secuestros antes que pagar los montos correspondientes por la sanci\u00f3n. No s\u00f3lo resulta necesario para liberar espacio en la playa, sino tambi\u00e9n por el pasivo ambiental que significa sumar m\u00e1s veh\u00edculos en el lugar&#8221;.<\/p>\n\n\n\n<p>FUENTE: Diariouno.com.ar <\/p>\n","protected":false},"excerpt":{"rendered":"<p>La Municipalidad de Guaymall\u00e9n inform\u00f3 que el remate de los veh\u00edculos estacionados en la playa de secuestros de El Sauce se har\u00e1 en sede judicial La\u00a0Municipalidad de Guaymall\u00e9n\u00a0inform\u00f3 que desde el lunes 27 y hasta el viernes 31 de mayo realizar\u00e1 un nuevo remate de veh\u00edculos -23 motos y 14 autos- alojados en la\u00a0playa de [&hellip;]<\/p>\n","protected":false},"author":2,"featured_media":7700,"comment_status":"open","ping_status":"open","sticky":true,"template":"","format":"standard","meta":[],"categories":[47],"tags":[],"_links":{"self":[{"href":"https:\/\/pasaenmendoza.com\/index.php?rest_route=\/wp\/v2\/posts\/7696"}],"collection":[{"href":"https:\/\/pasaenmendoza.com\/index.php?rest_route=\/wp\/v2\/posts"}],"about":[{"href":"https:\/\/pasaenmendoza.com\/index.php?rest_route=\/wp\/v2\/types\/post"}],"author":[{"embeddable":true,"href":"https:\/\/pasaenmendoza.com\/index.php?rest_route=\/wp\/v2\/users\/2"}],"replies":[{"embeddable":true,"href":"https:\/\/pasaenmendoza.com\/index.php?rest_route=%2Fwp%2Fv2%2Fcomments&post=7696"}],"version-history":[{"count":1,"href":"https:\/\/pasaenmendoza.com\/index.php?rest_route=\/wp\/v2\/posts\/7696\/revisions"}],"predecessor-version":[{"id":7701,"href":"https:\/\/pasaenmendoza.com\/index.php?rest_route=\/wp\/v2\/posts\/7696\/revisions\/7701"}],"wp:featuredmedia":[{"embeddable":true,"href":"https:\/\/pasaenmendoza.com\/index.php?rest_route=\/wp\/v2\/media\/7700"}],"wp:attachment":[{"href":"https:\/\/pasaenmendoza.com\/index.php?rest_route=%2Fwp%2Fv2%2Fmedia&parent=7696"}],"wp:term":[{"taxonomy":"category","embeddable":true,"href":"https:\/\/pasaenmendoza.com\/index.php?rest_route=%2Fwp%2Fv2%2Fcategories&post=7696"},{"taxonomy":"post_tag","embeddable":true,"href":"https:\/\/pasaenmendoza.com\/index.php?rest_route=%2Fwp%2Fv2%2Ftags&post=7696"}],"curies":[{"name":"wp","href":"https:\/\/api.w.org\/{rel}","templated":true}]}}