{"id":7708,"date":"2024-05-22T15:51:51","date_gmt":"2024-05-22T13:51:51","guid":{"rendered":"https:\/\/pasaenmendoza.com\/?p=7708"},"modified":"2024-05-22T15:51:53","modified_gmt":"2024-05-22T13:51:53","slug":"persecucion-para-capturar-a-un-preso-que-rompio-la-pulsera-electronica-y-se-fugo","status":"publish","type":"post","link":"https:\/\/pasaenmendoza.com\/?p=7708","title":{"rendered":"Persecuci\u00f3n para capturar a un preso que rompi\u00f3 la pulsera electr\u00f3nica y se fug\u00f3"},"content":{"rendered":"\n<p>Polic\u00edas capturaron la tarde de este martes en&nbsp;<strong>Godoy Cruz&nbsp;<\/strong>a un preso que se encontraba&nbsp;<strong>pr\u00f3fugo<\/strong>&nbsp;desde hace casi ocho meses. Se trata de&nbsp;<strong>Jorge Ra\u00fal Chirino Quijada<\/strong>&nbsp;(41), quien rompi\u00f3 la&nbsp;<strong>pulsera electr\u00f3nica<\/strong>&nbsp;y no regres\u00f3 de una<strong>&nbsp;salida transitoria<\/strong>. Quedar\u00e1 alojado nuevamente en la c\u00e1rcel.<\/p>\n\n\n\n<p>La informaci\u00f3n policial detalla que todo comenz\u00f3 minutos antes de las 18.30, cuando personal de la<strong>&nbsp;Unidad Cicl\u00edstica de Acci\u00f3n R\u00e1pida<\/strong>&nbsp;(<strong>UCAR<\/strong>), con base en la&nbsp;<strong>Comisar\u00eda 37\u00aa<\/strong>, realizaba tareas de patrullaje por<strong>&nbsp;calle Sarmiento<\/strong>.<\/p>\n\n\n\n<p>Divisaron a un sujeto con actitud sospechosa, por lo que procedieron a identificarlo utilizando el aparato biom\u00e9trico. Momentos despu\u00e9s,\u00a0<mark>el aparato arroj\u00f3 que ten\u00eda pedido de captura solicitado por el\u00a0<strong>Juzgado de Ejecuci\u00f3n Penal N\u00ba 1<\/strong><\/mark>.<\/p>\n\n\n\n<p>En ese instante, Chirino Quijada sali\u00f3 corriendo hacia el este de la mencionada arteria y luego dobl\u00f3 por&nbsp;<strong>V\u00e9lez Sarfield<\/strong>. Los uniformados salieron tras \u00e9l y le dieron alcance en el cruce con<strong>&nbsp;calle Matheu<\/strong>, frente a la<strong>&nbsp;plaza La Perla<\/strong>, entre los&nbsp;<strong>barrios Metal\u00fargico y La Perla<\/strong>.<\/p>\n\n\n\n<p>Pero reducir al pr\u00f3fugo no fue tarea f\u00e1cil, ya que&nbsp;<mark>ofreci\u00f3 abundante resistencia, forcejeando con los efectivos y provocando la ca\u00edda del equipo biom\u00e9trico<\/mark>, relataron las fuentes.<\/p>\n\n\n\n<p>Incluso, una vez que lograron reducirlo, hac\u00eda fuerza con sus brazos para que no le pudieran colocar las esposas. As\u00ed y todo, pudieron cargarlo a la movilidad y a la citada dependencia de<strong>\u00a0calle Terrada<\/strong>.<\/p>\n\n\n\n<p>Una vez en el edificio policial, fue el propio Chirino Quijada quien confes\u00f3 que&nbsp;<mark>estaba preso y en setiembre del a\u00f1o pasado tuvo una salida transitoria y violent\u00f3 la pulsera electr\u00f3nica que lo monitoreaba<\/mark>, consiguiendo mantenerse un largo tiempo en la clandestinidad, surge del procedimiento policial.<\/p>\n\n\n\n<p>Fuentes judiciales consultadas agregaron que el reo se encontraba en un penal provincial purgando una pena por<strong>&nbsp;robo agravado<\/strong>&nbsp;y que en marzo de 2023 el juez&nbsp;<strong>Sebasti\u00e1n Sarmiento<\/strong>&nbsp;le neg\u00f3 un pedido de<strong>&nbsp;libertad condicional<\/strong>, pero le otorg\u00f3 el beneficio de las salidas transitorias.<\/p>\n\n\n\n<p>Por disposici\u00f3n del Juzgado interviniente en la causa, Chirino Quijada ser\u00e1 trasladado a la c\u00e1rcel, luego de completar el circuito judicial.<\/p>\n\n\n\n<p>En tanto, hubo malestar entre el personal policial que particip\u00f3 del operativo luego de que\u00a0<mark>un ayudante fiscal de turno en esa jurisdicci\u00f3n no quiso iniciar actuaciones por\u00a0<strong>resistencia a la autoridad<\/strong>, debido a que los polic\u00edas \u201cno sufrieron lesiones\u201d<\/mark>, indicaron las fuentes del caso.<\/p>\n\n\n\n<p><strong>Fuente: www.elsol.com.ar<\/strong><\/p>\n","protected":false},"excerpt":{"rendered":"<p>Polic\u00edas capturaron la tarde de este martes en&nbsp;Godoy Cruz&nbsp;a un preso que se encontraba&nbsp;pr\u00f3fugo&nbsp;desde hace casi ocho meses. Se trata de&nbsp;Jorge Ra\u00fal Chirino Quijada&nbsp;(41), quien rompi\u00f3 la&nbsp;pulsera electr\u00f3nica&nbsp;y no regres\u00f3 de una&nbsp;salida transitoria. Quedar\u00e1 alojado nuevamente en la c\u00e1rcel. La informaci\u00f3n policial detalla que todo comenz\u00f3 minutos antes de las 18.30, cuando personal de la&nbsp;Unidad [&hellip;]<\/p>\n","protected":false},"author":2,"featured_media":7709,"comment_status":"open","ping_status":"open","sticky":false,"template":"","format":"standard","meta":[],"categories":[48],"tags":[],"_links":{"self":[{"href":"https:\/\/pasaenmendoza.com\/index.php?rest_route=\/wp\/v2\/posts\/7708"}],"collection":[{"href":"https:\/\/pasaenmendoza.com\/index.php?rest_route=\/wp\/v2\/posts"}],"about":[{"href":"https:\/\/pasaenmendoza.com\/index.php?rest_route=\/wp\/v2\/types\/post"}],"author":[{"embeddable":true,"href":"https:\/\/pasaenmendoza.com\/index.php?rest_route=\/wp\/v2\/users\/2"}],"replies":[{"embeddable":true,"href":"https:\/\/pasaenmendoza.com\/index.php?rest_route=%2Fwp%2Fv2%2Fcomments&post=7708"}],"version-history":[{"count":1,"href":"https:\/\/pasaenmendoza.com\/index.php?rest_route=\/wp\/v2\/posts\/7708\/revisions"}],"predecessor-version":[{"id":7710,"href":"https:\/\/pasaenmendoza.com\/index.php?rest_route=\/wp\/v2\/posts\/7708\/revisions\/7710"}],"wp:featuredmedia":[{"embeddable":true,"href":"https:\/\/pasaenmendoza.com\/index.php?rest_route=\/wp\/v2\/media\/7709"}],"wp:attachment":[{"href":"https:\/\/pasaenmendoza.com\/index.php?rest_route=%2Fwp%2Fv2%2Fmedia&parent=7708"}],"wp:term":[{"taxonomy":"category","embeddable":true,"href":"https:\/\/pasaenmendoza.com\/index.php?rest_route=%2Fwp%2Fv2%2Fcategories&post=7708"},{"taxonomy":"post_tag","embeddable":true,"href":"https:\/\/pasaenmendoza.com\/index.php?rest_route=%2Fwp%2Fv2%2Ftags&post=7708"}],"curies":[{"name":"wp","href":"https:\/\/api.w.org\/{rel}","templated":true}]}}