{"id":7711,"date":"2024-05-22T15:55:32","date_gmt":"2024-05-22T13:55:32","guid":{"rendered":"https:\/\/pasaenmendoza.com\/?p=7711"},"modified":"2024-05-22T15:55:34","modified_gmt":"2024-05-22T13:55:34","slug":"un-baleado-con-pedido-de-captura-escapo-caminando-del-hospital-lagomaggiore","status":"publish","type":"post","link":"https:\/\/pasaenmendoza.com\/?p=7711","title":{"rendered":"Un baleado con pedido de captura escap\u00f3 caminando del Hospital Lagomaggiore"},"content":{"rendered":"\n<p>Un hombre que&nbsp;<strong>se encontraba internado por sufrir un balazo en abdomen y qued\u00f3 detenido por un asalto a disposici\u00f3n de la Unidad Fiscal de Robos y Hurtos escap\u00f3<\/strong>&nbsp;la madrugada de este martes del Hospital Lagomaggiore de Ciudad acompa\u00f1ado por una mujer&nbsp;<mark>sin que la consigna policial lo notara.<\/mark><\/p>\n\n\n\n<p>El caso comenz\u00f3 a ser investigado por la&nbsp;<strong>Justicia&nbsp;<\/strong>y tambi\u00e9n la&nbsp;<strong>Inspecci\u00f3n General de Seguridad<\/strong>&nbsp;(IGS), que buscaban esta jornada determinar si el efectivo incurri\u00f3 en responsabilidades penales y administrativas, respectivamente, ya que ten\u00eda la tarea de custodia por orden judicial.<\/p>\n\n\n\n<p><mark>C\u00e1maras de seguridad detectaron al sujeto huyendo con una chica que llevaba una mochila azul con detalles amarillos.<\/mark>\u00a0La primera hip\u00f3tesis se\u00f1ala que el uniformado, con destino en Comisar\u00eda 36\u00aa,\u00a0<em>\u201cse qued\u00f3 dormido\u201d.<\/em><\/p>\n\n\n\n<p>De acuerdo con la informaci\u00f3n a la que accedi\u00f3&nbsp;<strong><em>El Sol<\/em><\/strong>, el sujeto que escap\u00f3 del nosocomio ubicado en Capital fue identificado como&nbsp;<strong>Nicol\u00e1s Alberto \u00c1vila<\/strong>&nbsp;y permanec\u00eda alojado en calidad de aprehendido en una instrucci\u00f3n que lidera el fiscal&nbsp;<strong>Daniel S\u00e1nchez Giol<\/strong>, luego ser atacado el domingo por la noche con armas de fuego mientras caminaba con dos amigos por Las Heras.<\/p>\n\n\n\n<p>La reconstrucci\u00f3n de la evasi\u00f3n sostiene que\u00a0<strong>\u00c1vila, de 30 a\u00f1os, permanec\u00eda alojado en la cama 2 de la habitaci\u00f3n 2010, ubicada en el segundo piso del efector p\u00fablico.<\/strong>\u00a0Como guardia del detenido fue designado un efectivo de 22 a\u00f1os oriundo de San Rafael, quien lo\u00a0<em>\u201chabr\u00eda perdido de vista\u201d<\/em>\u00a0por causas que son motivo de investigaci\u00f3n.<\/p>\n\n\n\n<p>Las fuentes aportaron que, cuando ingres\u00f3 a la habitaci\u00f3n, \u00c1vila ya no se encontraba, por lo que notific\u00f3 la situaci\u00f3n al CEO. De inmediato comenzaron a trabajar desde la Oficina Fiscal N\u00ba2 y el procedimiento fue informado a la Unidad Fiscal de Robos y Hurtos. Al mismo tiempo,<strong>\u00a0se notific\u00f3 a la IGS y Asuntos Internos inici\u00f3 el sumario correspondiente.<\/strong><\/p>\n\n\n\n<p>Por lo que registraron las c\u00e1maras de seguridad,\u00a0<mark>\u00c1vila camin\u00f3 con su acompa\u00f1ante por los pasillos del nosocomio a las 5.42, por lo que investigadores estimaron que esa fue el horario de la huida.<\/mark><\/p>\n\n\n\n<p><strong>\u00c1vila fue baleado la noche del domingo<\/strong>, antes de las 22, mientras circulaba a pie con dos amigos por calles Libertad y Fleming de Las Heras. Los testigos describieron que, en un momento, un sujeto al que conoc\u00edan comenz\u00f3 a dispararles sin mediar palabras.<\/p>\n\n\n\n<p>Uno de los plomos impact\u00f3 en el abdomen de uno de ellos y\u00a0<mark>los amigos lo llevaron hasta el Hospital Carrillo, desde donde luego se decidi\u00f3 su traslado al Lagomaggiore<\/mark>. Cuando lo identificaron, los efectivos confirmaron que ten\u00eda un pedido de captura desde el 8 de abril, emitido por la Unidad Fiscal de Robos y Hurtos.<\/p>\n\n\n\n<p>El fiscal S\u00e1nchez Giol lo buscaba por un robo agravado ocurrido en para esa fecha en Lavalle. Junto con otros personajes, \u00c1vila habr\u00eda cometido un asalto y escap\u00f3 en un veh\u00edculo que fue abandonado cerca del barrio Santa Teresita de Las Heras tras una persecuci\u00f3n con polic\u00edas.<\/p>\n\n\n\n<p>Cuando\u00a0<strong>Polic\u00eda Cient\u00edfica<\/strong>\u00a0trabaj\u00f3 en el auto que dej\u00f3 la gavilla,\u00a0<strong>levant\u00f3 muestras gen\u00e9ticas que sirvieron para realizar un cotejo<\/strong>\u00a0con la base de datos que contiene miles de perfiles de personas que han cometido delitos, el que termin\u00f3 siendo positivo.<\/p>\n\n\n\n<p><strong>Fuente: www.elsol.com.ar<\/strong><\/p>\n","protected":false},"excerpt":{"rendered":"<p>Un hombre que&nbsp;se encontraba internado por sufrir un balazo en abdomen y qued\u00f3 detenido por un asalto a disposici\u00f3n de la Unidad Fiscal de Robos y Hurtos escap\u00f3&nbsp;la madrugada de este martes del Hospital Lagomaggiore de Ciudad acompa\u00f1ado por una mujer&nbsp;sin que la consigna policial lo notara. El caso comenz\u00f3 a ser investigado por la&nbsp;Justicia&nbsp;y [&hellip;]<\/p>\n","protected":false},"author":2,"featured_media":7712,"comment_status":"open","ping_status":"open","sticky":false,"template":"","format":"standard","meta":[],"categories":[48],"tags":[],"_links":{"self":[{"href":"https:\/\/pasaenmendoza.com\/index.php?rest_route=\/wp\/v2\/posts\/7711"}],"collection":[{"href":"https:\/\/pasaenmendoza.com\/index.php?rest_route=\/wp\/v2\/posts"}],"about":[{"href":"https:\/\/pasaenmendoza.com\/index.php?rest_route=\/wp\/v2\/types\/post"}],"author":[{"embeddable":true,"href":"https:\/\/pasaenmendoza.com\/index.php?rest_route=\/wp\/v2\/users\/2"}],"replies":[{"embeddable":true,"href":"https:\/\/pasaenmendoza.com\/index.php?rest_route=%2Fwp%2Fv2%2Fcomments&post=7711"}],"version-history":[{"count":1,"href":"https:\/\/pasaenmendoza.com\/index.php?rest_route=\/wp\/v2\/posts\/7711\/revisions"}],"predecessor-version":[{"id":7713,"href":"https:\/\/pasaenmendoza.com\/index.php?rest_route=\/wp\/v2\/posts\/7711\/revisions\/7713"}],"wp:featuredmedia":[{"embeddable":true,"href":"https:\/\/pasaenmendoza.com\/index.php?rest_route=\/wp\/v2\/media\/7712"}],"wp:attachment":[{"href":"https:\/\/pasaenmendoza.com\/index.php?rest_route=%2Fwp%2Fv2%2Fmedia&parent=7711"}],"wp:term":[{"taxonomy":"category","embeddable":true,"href":"https:\/\/pasaenmendoza.com\/index.php?rest_route=%2Fwp%2Fv2%2Fcategories&post=7711"},{"taxonomy":"post_tag","embeddable":true,"href":"https:\/\/pasaenmendoza.com\/index.php?rest_route=%2Fwp%2Fv2%2Ftags&post=7711"}],"curies":[{"name":"wp","href":"https:\/\/api.w.org\/{rel}","templated":true}]}}