{"id":7717,"date":"2024-05-22T17:37:55","date_gmt":"2024-05-22T15:37:55","guid":{"rendered":"https:\/\/pasaenmendoza.com\/?p=7717"},"modified":"2024-05-22T17:37:57","modified_gmt":"2024-05-22T15:37:57","slug":"suspenden-audiencias-por-los-paros-de-los-judiciales","status":"publish","type":"post","link":"https:\/\/pasaenmendoza.com\/?p=7717","title":{"rendered":"Suspenden audiencias por los paros de los judiciales"},"content":{"rendered":"\n<p>La medida afecta a las audiencias \u201ccon personas en libertad\u201d, en el Gran Mendoza y el Este provincial. Lo inform\u00f3 el juez de la Suprema Corte, Jos\u00e9 Valerio.<\/p>\n\n\n\n<p><strong>Jos\u00e9 Valerio<\/strong>, juez de la Suprema Corte y ministro coordinador del Fuero Penal Colegiado, anunci\u00f3 la suspensi\u00f3n de las audiencias sin detenidos en el Gran Mendoza y el Este provincial, hasta el pr\u00f3ximo lunes, debido a las&nbsp;<strong>medidas de fuerza<\/strong>&nbsp;que llevan adelante los funcionarios y empleados del&nbsp;<strong>Poder Judicial.<\/strong><\/p>\n\n\n\n<p>A trav\u00e9s de sendas notas enviadas al procurador general&nbsp;<strong>Alejandro Gull\u00e9<\/strong>&nbsp;y a la defensora oficial,&nbsp;<strong>Cecilia Saint-Andr\u00e9<\/strong>, Valerio confirm\u00f3 las&nbsp;<strong>\u201cdificultades\u201d<\/strong>&nbsp;<strong>para realizar audiencias con personas en libertad<\/strong>&nbsp;en la Primera (<em>Ciudad, Godoy Cruz, Maip\u00fa, Las Heras, Guaymall\u00e9n, Luj\u00e1n de Cuyo y Lavalle<\/em>) y la Tercera (<em>San Mart\u00edn, Jun\u00edn, Santa Rosa, La Paz y Rivadavia<\/em>) Circunscripci\u00f3n Judicial.<\/p>\n\n\n\n<p>El juez del m\u00e1ximo Tribunal destac\u00f3 que&nbsp;<em>\u201cde mantenerse esa situaci\u00f3n, pueden afectar la realizaci\u00f3n de las mismas con&nbsp;<strong>personas detenidas<\/strong>, que son aquellas a las que se les ha fijado prioridad\u201d.<\/em><\/p>\n\n\n\n<p><em>\u201cDe seguir manteniendo las audiencias con personas en libertad se podr\u00edan generar dificultades para el Ministerio P\u00fablico Fiscal, Ministerio de la Defensa P\u00fablica, abogados particulares y fundamentalmente a v\u00edctimas y testigos que se desplazan para concurrir a las citaciones efectuadas\u201d<\/em>, afirm\u00f3 Valerio. Y agreg\u00f3:&nbsp;<em>\u201cEn consonancia con ello, le informo que las audiencias&nbsp;<strong>sin detenidos&nbsp;<\/strong>quedar\u00e1n&nbsp;<strong>suspendidas&nbsp;<\/strong>(salvo situaciones excepcionales)\u201d<\/em>&nbsp;hasta el pr\u00f3ximo lunes 27 de mayo, en la Primera y Tercera Circunscripci\u00f3n Judicial.<\/p>\n\n\n\n<p>En tanto, en la Segunda y Cuarta Circunscripci\u00f3n Judicial se mantendr\u00e1 el cronograma de audiencias programado.<\/p>\n\n\n\n<p>M\u00e1s all\u00e1 de las notas que Valerio envi\u00f3 a Gull\u00e9 y Saint-Andr\u00e9, fuentes judiciales aseguraron que<strong>&nbsp;en realidad est\u00e1n suspendidas pr\u00e1cticamente todas las audiencias<\/strong>&nbsp;por ausencia de los auxiliares.<\/p>\n\n\n\n<p><em>\u201cCada tanto se hace alguna audiencia con detenidos. Sin detenidos, no se est\u00e1n haciendo\u201d<\/em>, explicaron.<\/p>\n\n\n\n<p>FUENTE: Elsol,com.ar <\/p>\n","protected":false},"excerpt":{"rendered":"<p>La medida afecta a las audiencias \u201ccon personas en libertad\u201d, en el Gran Mendoza y el Este provincial. Lo inform\u00f3 el juez de la Suprema Corte, Jos\u00e9 Valerio. Jos\u00e9 Valerio, juez de la Suprema Corte y ministro coordinador del Fuero Penal Colegiado, anunci\u00f3 la suspensi\u00f3n de las audiencias sin detenidos en el Gran Mendoza y [&hellip;]<\/p>\n","protected":false},"author":2,"featured_media":7718,"comment_status":"open","ping_status":"open","sticky":true,"template":"","format":"standard","meta":[],"categories":[47],"tags":[],"_links":{"self":[{"href":"https:\/\/pasaenmendoza.com\/index.php?rest_route=\/wp\/v2\/posts\/7717"}],"collection":[{"href":"https:\/\/pasaenmendoza.com\/index.php?rest_route=\/wp\/v2\/posts"}],"about":[{"href":"https:\/\/pasaenmendoza.com\/index.php?rest_route=\/wp\/v2\/types\/post"}],"author":[{"embeddable":true,"href":"https:\/\/pasaenmendoza.com\/index.php?rest_route=\/wp\/v2\/users\/2"}],"replies":[{"embeddable":true,"href":"https:\/\/pasaenmendoza.com\/index.php?rest_route=%2Fwp%2Fv2%2Fcomments&post=7717"}],"version-history":[{"count":1,"href":"https:\/\/pasaenmendoza.com\/index.php?rest_route=\/wp\/v2\/posts\/7717\/revisions"}],"predecessor-version":[{"id":7719,"href":"https:\/\/pasaenmendoza.com\/index.php?rest_route=\/wp\/v2\/posts\/7717\/revisions\/7719"}],"wp:featuredmedia":[{"embeddable":true,"href":"https:\/\/pasaenmendoza.com\/index.php?rest_route=\/wp\/v2\/media\/7718"}],"wp:attachment":[{"href":"https:\/\/pasaenmendoza.com\/index.php?rest_route=%2Fwp%2Fv2%2Fmedia&parent=7717"}],"wp:term":[{"taxonomy":"category","embeddable":true,"href":"https:\/\/pasaenmendoza.com\/index.php?rest_route=%2Fwp%2Fv2%2Fcategories&post=7717"},{"taxonomy":"post_tag","embeddable":true,"href":"https:\/\/pasaenmendoza.com\/index.php?rest_route=%2Fwp%2Fv2%2Ftags&post=7717"}],"curies":[{"name":"wp","href":"https:\/\/api.w.org\/{rel}","templated":true}]}}